{"id":560,"date":"2018-04-05T21:21:34","date_gmt":"2018-04-05T21:21:34","guid":{"rendered":"http:\/\/tour.gradt.de?p=560"},"modified":"2018-04-05T21:21:52","modified_gmt":"2018-04-05T21:21:52","slug":"oh-wie-schoen-ist-malaga","status":"publish","type":"post","link":"https:\/\/tour.gradt.de\/?p=560","title":{"rendered":"Oh wie sch\u00f6n ist M\u00e1laga!"},"content":{"rendered":"<p>After the technical day and the associated little movement, we decided to stay in M\u00e1laga a little longer. So today after breakfast and the presents for Christian (also he gets older every year) we went by bus to the city.<\/p>\n<p><!--more-->Already at the stop in the city we would be greeted by palm trees and a beautiful beach promenade. It was nice to walk the promenade to the marina, rummaging a bit on the small bazaar and then through a &#8222;jungle&#8220; of palm trees and tropical plants that we do not know in Germany. At the foot of the Schlossberg we went on a circuit through the city center, where we of course also with the famous son of the city &#8211; Pablo Picasso &#8211; have been photographed. For street music, there was steak and calamari in front of a restaurant and ice cream for dessert. Through the small streets of the old town we then finished our tour of M\u00e1laga.<\/p>\n<p>Back at the pitch, the children were showered by Mama, dad cooked the evening porridge then was slept. Christian and Anna let the evening end with a good glass to celebrate the day.<\/p>\n<p><img class=\"size-full\" src=\"https:\/\/i0.wp.com\/tour.gradt.de\/wp-content\/uploads\/2018\/04\/img_5600.jpg?w=525\" data-recalc-dims=\"1\" \/><img class=\"size-full\" src=\"https:\/\/i0.wp.com\/tour.gradt.de\/wp-content\/uploads\/2018\/04\/img_5546.jpg?w=525\" data-recalc-dims=\"1\" \/><img class=\"size-full\" src=\"https:\/\/i0.wp.com\/tour.gradt.de\/wp-content\/uploads\/2018\/04\/img_5593.jpg?w=525\" data-recalc-dims=\"1\" \/><img class=\"size-full\" src=\"https:\/\/i0.wp.com\/tour.gradt.de\/wp-content\/uploads\/2018\/04\/img_5534.jpg?w=525\" data-recalc-dims=\"1\" \/><img class=\"size-full\" src=\"https:\/\/i0.wp.com\/tour.gradt.de\/wp-content\/uploads\/2018\/04\/img_5590.jpg?w=525\" data-recalc-dims=\"1\" \/><img class=\"size-full\" src=\"https:\/\/i0.wp.com\/tour.gradt.de\/wp-content\/uploads\/2018\/04\/img_5526.jpg?w=525\" data-recalc-dims=\"1\" \/><img class=\"size-full\" src=\"https:\/\/i0.wp.com\/tour.gradt.de\/wp-content\/uploads\/2018\/04\/img_5562.jpg?w=525\" data-recalc-dims=\"1\" \/><\/p>\n<p><img class=\"size-full\" src=\"https:\/\/i0.wp.com\/tour.gradt.de\/wp-content\/uploads\/2018\/04\/img_5924.jpg?w=525\" data-recalc-dims=\"1\" \/><\/p>\n","protected":false},"excerpt":{"rendered":"<p>After the technical day and the associated little movement, we decided to stay in M\u00e1laga a little longer. So today after breakfast and the presents for Christian (also he gets older every year) we went by bus to the city.<\/p>\n","protected":false},"author":1,"featured_media":532,"comment_status":"closed","ping_status":"closed","sticky":false,"template":"","format":"standard","meta":{"jetpack_post_was_ever_published":false,"jetpack_publicize_message":"","jetpack_is_tweetstorm":false,"jetpack_publicize_feature_enabled":true},"categories":[22],"tags":[],"jetpack_publicize_connections":[],"jetpack_featured_media_url":"https:\/\/i0.wp.com\/tour.gradt.de\/wp-content\/uploads\/2018\/04\/img_5600.jpg?fit=2148%2C3054&ssl=1","jetpack_sharing_enabled":true,"jetpack_shortlink":"https:\/\/wp.me\/p9KDky-92","jetpack_likes_enabled":true,"_links":{"self":[{"href":"https:\/\/tour.gradt.de\/index.php?rest_route=\/wp\/v2\/posts\/560"}],"collection":[{"href":"https:\/\/tour.gradt.de\/index.php?rest_route=\/wp\/v2\/posts"}],"about":[{"href":"https:\/\/tour.gradt.de\/index.php?rest_route=\/wp\/v2\/types\/post"}],"author":[{"embeddable":true,"href":"https:\/\/tour.gradt.de\/index.php?rest_route=\/wp\/v2\/users\/1"}],"replies":[{"embeddable":true,"href":"https:\/\/tour.gradt.de\/index.php?rest_route=%2Fwp%2Fv2%2Fcomments&post=560"}],"version-history":[{"count":2,"href":"https:\/\/tour.gradt.de\/index.php?rest_route=\/wp\/v2\/posts\/560\/revisions"}],"predecessor-version":[{"id":562,"href":"https:\/\/tour.gradt.de\/index.php?rest_route=\/wp\/v2\/posts\/560\/revisions\/562"}],"wp:featuredmedia":[{"embeddable":true,"href":"https:\/\/tour.gradt.de\/index.php?rest_route=\/wp\/v2\/media\/532"}],"wp:attachment":[{"href":"https:\/\/tour.gradt.de\/index.php?rest_route=%2Fwp%2Fv2%2Fmedia&parent=560"}],"wp:term":[{"taxonomy":"category","embeddable":true,"href":"https:\/\/tour.gradt.de\/index.php?rest_route=%2Fwp%2Fv2%2Fcategories&post=560"},{"taxonomy":"post_tag","embeddable":true,"href":"https:\/\/tour.gradt.de\/index.php?rest_route=%2Fwp%2Fv2%2Ftags&post=560"}],"curies":[{"name":"wp","href":"https:\/\/api.w.org\/{rel}","templated":true}]}}