{"id":583,"date":"2018-04-06T21:13:45","date_gmt":"2018-04-06T19:13:45","guid":{"rendered":"http:\/\/tour.gradt.de?p=583"},"modified":"2018-04-19T11:36:53","modified_gmt":"2018-04-19T09:36:53","slug":"der-fantasie-freien-lauf-lassen","status":"publish","type":"post","link":"https:\/\/tour.gradt.de\/?p=583","title":{"rendered":"Der Fantasie freien Lauf lassen"},"content":{"rendered":"<p>Elefanten, Fr\u00f6sche, Kamele, Vasen, Simpsons, Monstergesichter und viele andere Tiere, Gegenst\u00e4nde und Figuren haben wir heute gesehen. Sie waren alle in grauen Farbt\u00f6nen, in 3D und \u00fcberdimensional dargestellt \ud83d\ude42<\/p>\n<p><!--more-->Der Naturpark El Torcal de Antequeta hat eine beeindruckende Landschaft. Felsen und Schluchten wechseln in neuer Gestalt einander ab. Hohe S\u00e4ulen aus Steinplatten unterschiedlicher Gr\u00f6\u00dfe sehen aus, als w\u00e4ren sie k\u00fcnstlich aufeinander gestapelt worden. Man sieht ausgesp\u00fclte Becken in ebenen Festplatten. Wir stehen da, f\u00fchlen uns gro\u00dfartig und klein zwischen diesen riesigen, bewunderungsw\u00fcrdigen, grauen Tieren, Figuren, Gesichtern, Gegenst\u00e4nden&#8230; wir lassen unserer Fantasie freien Lauf&#8230; ein ph\u00e4nomenaler und schwer beeindruckender Spaziergang!<\/p>\n<p>Auf dem Weg zu unserem heutigen Stellplatz sind wir durch Granada gefahren. Eigentlich wollten wir bleiben und die ber\u00fchmte Alhambra anschauen &#8211; aber nirgendwo, wo es einigerma\u00dfen passen w\u00fcrde, darf man frei \u00fcbernachten. Dort wo man dann zahlen muss, zahlt man f\u00fcr keinen Service unversch\u00e4mt viel Geld. Also sind wir nach Guadix weitergefahren und haben uns zu einigen anderen Wohnmobilen gesellt &#8211; kostenfrei!<\/p>\n<p>.<img class=\"size-full\" src=\"https:\/\/i0.wp.com\/tour.gradt.de\/wp-content\/uploads\/2018\/04\/img_5668.jpg?w=525\" data-recalc-dims=\"1\" \/><img class=\"size-full\" src=\"https:\/\/i0.wp.com\/tour.gradt.de\/wp-content\/uploads\/2018\/04\/img_5611.jpg?w=525\" data-recalc-dims=\"1\" \/><img class=\"size-full\" src=\"https:\/\/i0.wp.com\/tour.gradt.de\/wp-content\/uploads\/2018\/04\/img_5660.jpg?w=525\" data-recalc-dims=\"1\" \/><img class=\"size-full\" src=\"https:\/\/i0.wp.com\/tour.gradt.de\/wp-content\/uploads\/2018\/04\/img_5674.jpg?w=525\" data-recalc-dims=\"1\" \/><img class=\"size-full\" src=\"https:\/\/i0.wp.com\/tour.gradt.de\/wp-content\/uploads\/2018\/04\/img_5671.jpg?w=525\" data-recalc-dims=\"1\" \/><\/p>\n<p><img class=\"size-full\" src=\"https:\/\/i0.wp.com\/tour.gradt.de\/wp-content\/uploads\/2018\/04\/img_5640.jpg?w=525\" data-recalc-dims=\"1\" \/><\/p>\n","protected":false},"excerpt":{"rendered":"<p>Elefanten, Fr\u00f6sche, Kamele, Vasen, Simpsons, Monstergesichter und viele andere Tiere, Gegenst\u00e4nde und Figuren haben wir heute gesehen. Sie waren alle in grauen Farbt\u00f6nen, in 3D und \u00fcberdimensional dargestellt \ud83d\ude42<\/p>\n","protected":false},"author":2,"featured_media":0,"comment_status":"open","ping_status":"open","sticky":false,"template":"","format":"standard","meta":{"jetpack_post_was_ever_published":false,"jetpack_publicize_message":"","jetpack_is_tweetstorm":false,"jetpack_publicize_feature_enabled":true},"categories":[23],"tags":[],"jetpack_publicize_connections":[],"jetpack_featured_media_url":"","jetpack_sharing_enabled":true,"jetpack_shortlink":"https:\/\/wp.me\/p9KDky-9p","jetpack_likes_enabled":true,"_links":{"self":[{"href":"https:\/\/tour.gradt.de\/index.php?rest_route=\/wp\/v2\/posts\/583"}],"collection":[{"href":"https:\/\/tour.gradt.de\/index.php?rest_route=\/wp\/v2\/posts"}],"about":[{"href":"https:\/\/tour.gradt.de\/index.php?rest_route=\/wp\/v2\/types\/post"}],"author":[{"embeddable":true,"href":"https:\/\/tour.gradt.de\/index.php?rest_route=\/wp\/v2\/users\/2"}],"replies":[{"embeddable":true,"href":"https:\/\/tour.gradt.de\/index.php?rest_route=%2Fwp%2Fv2%2Fcomments&post=583"}],"version-history":[{"count":1,"href":"https:\/\/tour.gradt.de\/index.php?rest_route=\/wp\/v2\/posts\/583\/revisions"}],"predecessor-version":[{"id":714,"href":"https:\/\/tour.gradt.de\/index.php?rest_route=\/wp\/v2\/posts\/583\/revisions\/714"}],"wp:attachment":[{"href":"https:\/\/tour.gradt.de\/index.php?rest_route=%2Fwp%2Fv2%2Fmedia&parent=583"}],"wp:term":[{"taxonomy":"category","embeddable":true,"href":"https:\/\/tour.gradt.de\/index.php?rest_route=%2Fwp%2Fv2%2Fcategories&post=583"},{"taxonomy":"post_tag","embeddable":true,"href":"https:\/\/tour.gradt.de\/index.php?rest_route=%2Fwp%2Fv2%2Ftags&post=583"}],"curies":[{"name":"wp","href":"https:\/\/api.w.org\/{rel}","templated":true}]}}