{"id":594,"date":"2018-04-08T06:38:28","date_gmt":"2018-04-08T04:38:28","guid":{"rendered":"http:\/\/tour.gradt.de?p=594"},"modified":"2018-04-19T11:33:07","modified_gmt":"2018-04-19T09:33:07","slug":"wilder-westen-in-der-wueste","status":"publish","type":"post","link":"https:\/\/tour.gradt.de\/?p=594","title":{"rendered":"Wilder Westen in der W\u00fcste"},"content":{"rendered":"<p>Gestern haben wir den Themenpark &#8222;Mini Hollywood&#8220; in Tabernas bei Almer\u00eda besucht. Das ist eine Filmkulisse f\u00fcr eine Westernstadt, in der schon Clint Eastwood und andere ber\u00fchmte Wildwest-Filme gedreht wurden. Auch gestern hatten wir Gl\u00fcck und konnten mit ansehen, wie ein Film gedreht wird. Es wurde eine Szene mit Indianern gefilmt. Viele Schauspieler und der Regisseur haben sich auf einem Platz versammelt. Jeder wusste ganz genau was er zu tun hat. Kamerateam, Schauspieler im Hintergrund, Hauptdarsteller. Die letzten Hinweise vom Regisseur und dann ging&#8217;s los. Doch irgendwas passt nicht richtig, der Regisseur wird emotional, gibt Hinweise, spricht laut uns gestikuliert. Die kurze Szene wird immer wieder und immer wieder und letztlich den ganzen Tag gedreht. Schauspielerei nicht zu untersch\u00e4tzende, harte Arbeit. Es war sehr interessant und spektakul\u00e4r!<\/p>\n<p>Obwohl es fesselnd war zuzuschauen sind wir weiter gelaufen und haben uns im Saloon eine &#8222;Can-Can Show&#8220; angeschaut. Die ganze Aufmachung im Park ist im Wild-West-Stil: Cowboys, Indianer, Pferde, Pistolen.<\/p>\n<p>Um diesen Park herum liegt die W\u00fcste von Tabernas. Es ist Europas einzige Landschaft, die als W\u00fcste bezeichnet werden darf. Wegen ihrer \u00c4hnlichkeit mit den Landschaften Nordamerikas, Nordafrikas und Arabiens dient sie auch als Drehort vieler Filme.<\/p>\n<p>Angeschlossen ist direkt ein riesiger Zoo. Raubkatzen, Tiere aus der W\u00fcste und Zugv\u00f6gel aus ganz Europa; ein Storch war auch dabei&#8230; &#8211; ohne Nebenwirkungen!<\/p>\n<p>Nach einem 5-stundigen Spaziergang durch den Park waren wir wieder im Auto und sind noch 40 km bis zur K\u00fcste nach Almer\u00eda gefahren, haben Abendessen gekocht und sind todm\u00fcde ins Bett gefallen. Wir stehen wild auf einem Parkplatz direkt vor dem Meer und lassen den informativen Tag mit vielen Eindr\u00fccken nochmal in Gedanken an uns vorbei ziehen \ud83d\ude42<\/p>\n<p><img src=\"https:\/\/i0.wp.com\/tour.gradt.de\/wp-content\/uploads\/2018\/04\/img_5947.jpg?w=525\" class=\"size-full\" data-recalc-dims=\"1\"><img src=\"https:\/\/i0.wp.com\/tour.gradt.de\/wp-content\/uploads\/2018\/04\/img_6004.jpg?w=525\" class=\"size-full\" data-recalc-dims=\"1\"><img src=\"https:\/\/i0.wp.com\/tour.gradt.de\/wp-content\/uploads\/2018\/04\/img_6006.jpg?w=525\" class=\"size-full\" data-recalc-dims=\"1\"><img src=\"https:\/\/i0.wp.com\/tour.gradt.de\/wp-content\/uploads\/2018\/04\/img_5961.jpg?w=525\" class=\"size-full\" data-recalc-dims=\"1\"><img src=\"https:\/\/i0.wp.com\/tour.gradt.de\/wp-content\/uploads\/2018\/04\/img_6054.jpg?w=525\" class=\"size-full\" data-recalc-dims=\"1\"><img src=\"https:\/\/i0.wp.com\/tour.gradt.de\/wp-content\/uploads\/2018\/04\/img_5952.jpg?w=525\" class=\"size-full\" data-recalc-dims=\"1\"><img src=\"https:\/\/i0.wp.com\/tour.gradt.de\/wp-content\/uploads\/2018\/04\/img_6019.jpg?w=525\" class=\"size-full\" data-recalc-dims=\"1\"><img src=\"https:\/\/i0.wp.com\/tour.gradt.de\/wp-content\/uploads\/2018\/04\/img_5998.jpg?w=525\" class=\"size-full\" data-recalc-dims=\"1\"><\/p>\n","protected":false},"excerpt":{"rendered":"<p>Gestern haben wir den Themenpark &#8222;Mini Hollywood&#8220; in Tabernas bei Almer\u00eda besucht. Das ist eine Filmkulisse f\u00fcr eine Westernstadt, in der schon Clint Eastwood und andere ber\u00fchmte Wildwest-Filme gedreht wurden. Auch gestern hatten wir Gl\u00fcck und konnten mit ansehen, wie ein Film gedreht wird. Es wurde eine Szene mit Indianern gefilmt. Viele Schauspieler und der &hellip; <\/p>\n<p class=\"link-more\"><a href=\"https:\/\/tour.gradt.de\/?p=594\" class=\"more-link\"><span class=\"screen-reader-text\">\u201eWilder Westen in der W\u00fcste\u201c<\/span> weiterlesen<\/a><\/p>\n","protected":false},"author":2,"featured_media":0,"comment_status":"open","ping_status":"closed","sticky":false,"template":"","format":"standard","meta":{"jetpack_post_was_ever_published":false,"jetpack_publicize_message":"","jetpack_is_tweetstorm":false,"jetpack_publicize_feature_enabled":true},"categories":[18],"tags":[],"jetpack_publicize_connections":[],"jetpack_featured_media_url":"","jetpack_sharing_enabled":true,"jetpack_shortlink":"https:\/\/wp.me\/p9KDky-9A","jetpack_likes_enabled":true,"_links":{"self":[{"href":"https:\/\/tour.gradt.de\/index.php?rest_route=\/wp\/v2\/posts\/594"}],"collection":[{"href":"https:\/\/tour.gradt.de\/index.php?rest_route=\/wp\/v2\/posts"}],"about":[{"href":"https:\/\/tour.gradt.de\/index.php?rest_route=\/wp\/v2\/types\/post"}],"author":[{"embeddable":true,"href":"https:\/\/tour.gradt.de\/index.php?rest_route=\/wp\/v2\/users\/2"}],"replies":[{"embeddable":true,"href":"https:\/\/tour.gradt.de\/index.php?rest_route=%2Fwp%2Fv2%2Fcomments&post=594"}],"version-history":[{"count":4,"href":"https:\/\/tour.gradt.de\/index.php?rest_route=\/wp\/v2\/posts\/594\/revisions"}],"predecessor-version":[{"id":598,"href":"https:\/\/tour.gradt.de\/index.php?rest_route=\/wp\/v2\/posts\/594\/revisions\/598"}],"wp:attachment":[{"href":"https:\/\/tour.gradt.de\/index.php?rest_route=%2Fwp%2Fv2%2Fmedia&parent=594"}],"wp:term":[{"taxonomy":"category","embeddable":true,"href":"https:\/\/tour.gradt.de\/index.php?rest_route=%2Fwp%2Fv2%2Fcategories&post=594"},{"taxonomy":"post_tag","embeddable":true,"href":"https:\/\/tour.gradt.de\/index.php?rest_route=%2Fwp%2Fv2%2Ftags&post=594"}],"curies":[{"name":"wp","href":"https:\/\/api.w.org\/{rel}","templated":true}]}}