{"id":60,"date":"2018-03-02T20:57:46","date_gmt":"2018-03-02T20:57:46","guid":{"rendered":"http:\/\/tour.gradt.de\/?p=60"},"modified":"2018-03-30T21:11:52","modified_gmt":"2018-03-30T21:11:52","slug":"frankreich","status":"publish","type":"post","link":"https:\/\/tour.gradt.de\/?p=60","title":{"rendered":"Frankreich"},"content":{"rendered":"<p>Nach dem ausgiebigen, gemeinsamen Fr\u00fchst\u00fcck sind wir heute weiter nach Frankreich gezogen. Nach drei Stunden Fahrt haben wir gemerkt, dass die Kinder langsam etwas Bewegung brauchen. Wir haben uns f\u00fcr einen Indoorspielplatz in der N\u00e4he von Amiens entschieden. Die Kinder waren ausgepowert und hungrig. Wir haben zum ersten Mal unseren Backofen ausprobiert, haben Pizza gemacht. Mmmm&#8230;.lecker.<\/p>\n<p>Die Stimmung an Bord ist gut. Es ist nass und durch die kalten Temperaturen manchmal etwas glatt auf der Stra\u00dfe und teilweise nebelig. Wir haben Sommerreifen, deshalb genie\u00dfen wir die Fahrt mit gro\u00dfer Vorsicht. Wir \u00fcbernachten heute auf einem Stellplatz mit Vollversorgung in Serifontaine. <img loading=\"lazy\" src=\"https:\/\/i0.wp.com\/tour.gradt.de\/wp-content\/uploads\/2018\/03\/img_3946.jpg?resize=525%2C904\" class=\"wp-image-58 size-full\" height=\"904\" width=\"525\" srcset=\"https:\/\/i0.wp.com\/tour.gradt.de\/wp-content\/uploads\/2018\/03\/img_3946.jpg?w=1767&amp;ssl=1 1767w, https:\/\/i0.wp.com\/tour.gradt.de\/wp-content\/uploads\/2018\/03\/img_3946.jpg?resize=174%2C300&amp;ssl=1 174w, https:\/\/i0.wp.com\/tour.gradt.de\/wp-content\/uploads\/2018\/03\/img_3946.jpg?resize=768%2C1322&amp;ssl=1 768w, https:\/\/i0.wp.com\/tour.gradt.de\/wp-content\/uploads\/2018\/03\/img_3946.jpg?resize=595%2C1024&amp;ssl=1 595w, https:\/\/i0.wp.com\/tour.gradt.de\/wp-content\/uploads\/2018\/03\/img_3946.jpg?w=1050 1050w, https:\/\/i0.wp.com\/tour.gradt.de\/wp-content\/uploads\/2018\/03\/img_3946.jpg?w=1575 1575w\" sizes=\"(max-width: 767px) 89vw, (max-width: 1000px) 54vw, (max-width: 1071px) 543px, 580px\" data-recalc-dims=\"1\" \/><img loading=\"lazy\" src=\"https:\/\/i0.wp.com\/tour.gradt.de\/wp-content\/uploads\/2018\/03\/img_3953.jpg?resize=525%2C700\" class=\"wp-image-59 size-full\" height=\"700\" width=\"525\" srcset=\"https:\/\/i0.wp.com\/tour.gradt.de\/wp-content\/uploads\/2018\/03\/img_3953.jpg?w=2448&amp;ssl=1 2448w, https:\/\/i0.wp.com\/tour.gradt.de\/wp-content\/uploads\/2018\/03\/img_3953.jpg?resize=225%2C300&amp;ssl=1 225w, https:\/\/i0.wp.com\/tour.gradt.de\/wp-content\/uploads\/2018\/03\/img_3953.jpg?resize=768%2C1024&amp;ssl=1 768w, https:\/\/i0.wp.com\/tour.gradt.de\/wp-content\/uploads\/2018\/03\/img_3953.jpg?w=1050 1050w, https:\/\/i0.wp.com\/tour.gradt.de\/wp-content\/uploads\/2018\/03\/img_3953.jpg?w=1575 1575w\" sizes=\"(max-width: 767px) 89vw, (max-width: 1000px) 54vw, (max-width: 1071px) 543px, 580px\" data-recalc-dims=\"1\" \/><\/p>\n","protected":false},"excerpt":{"rendered":"<p>Nach dem ausgiebigen, gemeinsamen Fr\u00fchst\u00fcck sind wir heute weiter nach Frankreich gezogen. Nach drei Stunden Fahrt haben wir gemerkt, dass die Kinder langsam etwas Bewegung brauchen. Wir haben uns f\u00fcr einen Indoorspielplatz in der N\u00e4he von Amiens entschieden. Die Kinder waren ausgepowert und hungrig. Wir haben zum ersten Mal unseren Backofen ausprobiert, haben Pizza gemacht. &hellip; <\/p>\n<p class=\"link-more\"><a href=\"https:\/\/tour.gradt.de\/?p=60\" class=\"more-link\"><span class=\"screen-reader-text\">\u201eFrankreich\u201c<\/span> weiterlesen<\/a><\/p>\n","protected":false},"author":2,"featured_media":0,"comment_status":"open","ping_status":"open","sticky":false,"template":"","format":"standard","meta":{"jetpack_post_was_ever_published":false,"jetpack_publicize_message":"","jetpack_is_tweetstorm":false,"jetpack_publicize_feature_enabled":true},"categories":[5],"tags":[],"jetpack_publicize_connections":[],"jetpack_featured_media_url":"","jetpack_sharing_enabled":true,"jetpack_shortlink":"https:\/\/wp.me\/p9KDky-Y","jetpack_likes_enabled":true,"_links":{"self":[{"href":"https:\/\/tour.gradt.de\/index.php?rest_route=\/wp\/v2\/posts\/60"}],"collection":[{"href":"https:\/\/tour.gradt.de\/index.php?rest_route=\/wp\/v2\/posts"}],"about":[{"href":"https:\/\/tour.gradt.de\/index.php?rest_route=\/wp\/v2\/types\/post"}],"author":[{"embeddable":true,"href":"https:\/\/tour.gradt.de\/index.php?rest_route=\/wp\/v2\/users\/2"}],"replies":[{"embeddable":true,"href":"https:\/\/tour.gradt.de\/index.php?rest_route=%2Fwp%2Fv2%2Fcomments&post=60"}],"version-history":[{"count":4,"href":"https:\/\/tour.gradt.de\/index.php?rest_route=\/wp\/v2\/posts\/60\/revisions"}],"predecessor-version":[{"id":64,"href":"https:\/\/tour.gradt.de\/index.php?rest_route=\/wp\/v2\/posts\/60\/revisions\/64"}],"wp:attachment":[{"href":"https:\/\/tour.gradt.de\/index.php?rest_route=%2Fwp%2Fv2%2Fmedia&parent=60"}],"wp:term":[{"taxonomy":"category","embeddable":true,"href":"https:\/\/tour.gradt.de\/index.php?rest_route=%2Fwp%2Fv2%2Fcategories&post=60"},{"taxonomy":"post_tag","embeddable":true,"href":"https:\/\/tour.gradt.de\/index.php?rest_route=%2Fwp%2Fv2%2Ftags&post=60"}],"curies":[{"name":"wp","href":"https:\/\/api.w.org\/{rel}","templated":true}]}}