{"id":605,"date":"2018-04-08T21:43:16","date_gmt":"2018-04-08T19:43:16","guid":{"rendered":"http:\/\/tour.gradt.de?p=605"},"modified":"2018-04-19T11:32:45","modified_gmt":"2018-04-19T09:32:45","slug":"bio-oder-nicht-bio","status":"publish","type":"post","link":"https:\/\/tour.gradt.de\/?p=605","title":{"rendered":"Bio oder nicht Bio?"},"content":{"rendered":"<p>Nach dem anstrengenden Spaziergang gestern haben wir alle heute relativ lange geschlafen. Erst gegen Mittag sind wir los. Hatten heute auch keinen richtigen Plan was wir machen. Die Kinder waren gestern sp\u00e4t im Bett und heute etwas angeschlagen, also haben wir entschieden, dass wir einfach in den Tag hineinleben. Wir sind losgefahren, die Zwerge sind im Auto eingeschlafen. Wir sind weiter und weiter gefahren und haben die wundersch\u00f6nen Landschaften genossen.<\/p>\n<p>Pl\u00f6tzlich haben wir einen Schock bekommen. Die Strecke zwischen Almeria und Carboneras (eine kleine Stadt, wo wir \u00a0heute \u00fcbernachten) ist mit riesigen Plantagen f\u00fcr Tomaten, Wassermelonen und wahrscheinlich anderem Obst und Gem\u00fcse, die wir in den Gew\u00e4sserh\u00e4usern nicht so erkennen konnten, bedeckt. Die Gew\u00e4sserh\u00e4user sind mit Planen bedeckt&#8230; Um die Gew\u00e4sserh\u00e4user herum liegt M\u00fcll und viel Plastik. Das kann nicht gesund sein, etwas erschreckendes Bild. Nachdem wir das gesehen haben, glauben wir nicht, dass wir in unseren Superm\u00e4rkten freiwillig nach spanischen Tomaten greifen werden. Das Komische ist, dass auch Bio-Gew\u00e4sserh\u00e4user nebenan waren, sie haben ein bi\u00dfchen besser ausgeschaut. Es bringt uns auf jeden Fall zum Nachdenken und vielleicht zum \u00dcberdenken, was wir in unseren Superm\u00e4rkten kaufen und essen.<\/p>\n<p>Wir sind am Nachmittag in Carboneras angekommen. Haben gegessen und einen Spaziergang zur Strandpromenade gemacht, die 2km von unserem Stellplatz entfernt ist. Wir mussten durch enge Gassen \u00a0laufen. Eine gem\u00fctliche Atmosph\u00e4re, die Rentner sitzen in Cliquen drau\u00dfen im Caf\u00e9 und obwohl sie ganz nah beieinander sitzen, unterhalten sie sich ganz laut \ud83d\ude42<\/p>\n<p>Auf der Promenade gab&#8217;s ein leckeres Eis, dann ging&#8217;s zur\u00fcck. Christian hat einen alten Opel Corsa gesehen und war hin und weg. Es war vom Typ her wie sein erstes, selbstgekauftes Auto im Jahr 1999, nur in rot!<\/p>\n<p>So m\u00fcssen Sonntagsspazierg\u00e4nge sein&#8230;<\/p>\n<p><img src=\"https:\/\/i0.wp.com\/tour.gradt.de\/wp-content\/uploads\/2018\/04\/img_5788.jpg?w=525\" class=\"size-full\" data-recalc-dims=\"1\"><img src=\"https:\/\/i0.wp.com\/tour.gradt.de\/wp-content\/uploads\/2018\/04\/img_5779.jpg?w=525\" class=\"size-full\" data-recalc-dims=\"1\"><img src=\"https:\/\/i0.wp.com\/tour.gradt.de\/wp-content\/uploads\/2018\/04\/img_5810.jpg?w=525\" class=\"size-full\" data-recalc-dims=\"1\"><img src=\"https:\/\/i0.wp.com\/tour.gradt.de\/wp-content\/uploads\/2018\/04\/img_5807.jpg?w=525\" class=\"size-full\" data-recalc-dims=\"1\"><img src=\"https:\/\/i0.wp.com\/tour.gradt.de\/wp-content\/uploads\/2018\/04\/img_6074.jpg?w=525\" class=\"size-full\" data-recalc-dims=\"1\"><img src=\"https:\/\/i0.wp.com\/tour.gradt.de\/wp-content\/uploads\/2018\/04\/img_5819.jpg?w=525\" class=\"size-full\" data-recalc-dims=\"1\"><\/p>\n","protected":false},"excerpt":{"rendered":"<p>Nach dem anstrengenden Spaziergang gestern haben wir alle heute relativ lange geschlafen. Erst gegen Mittag sind wir los. Hatten heute auch keinen richtigen Plan was wir machen. Die Kinder waren gestern sp\u00e4t im Bett und heute etwas angeschlagen, also haben wir entschieden, dass wir einfach in den Tag hineinleben. Wir sind losgefahren, die Zwerge sind &hellip; <\/p>\n<p class=\"link-more\"><a href=\"https:\/\/tour.gradt.de\/?p=605\" class=\"more-link\"><span class=\"screen-reader-text\">\u201eBio oder nicht Bio?\u201c<\/span> weiterlesen<\/a><\/p>\n","protected":false},"author":2,"featured_media":0,"comment_status":"open","ping_status":"closed","sticky":false,"template":"","format":"standard","meta":{"jetpack_post_was_ever_published":false,"jetpack_publicize_message":"","jetpack_is_tweetstorm":false,"jetpack_publicize_feature_enabled":true},"categories":[18],"tags":[],"jetpack_publicize_connections":[],"jetpack_featured_media_url":"","jetpack_sharing_enabled":true,"jetpack_shortlink":"https:\/\/wp.me\/p9KDky-9L","jetpack_likes_enabled":true,"_links":{"self":[{"href":"https:\/\/tour.gradt.de\/index.php?rest_route=\/wp\/v2\/posts\/605"}],"collection":[{"href":"https:\/\/tour.gradt.de\/index.php?rest_route=\/wp\/v2\/posts"}],"about":[{"href":"https:\/\/tour.gradt.de\/index.php?rest_route=\/wp\/v2\/types\/post"}],"author":[{"embeddable":true,"href":"https:\/\/tour.gradt.de\/index.php?rest_route=\/wp\/v2\/users\/2"}],"replies":[{"embeddable":true,"href":"https:\/\/tour.gradt.de\/index.php?rest_route=%2Fwp%2Fv2%2Fcomments&post=605"}],"version-history":[{"count":2,"href":"https:\/\/tour.gradt.de\/index.php?rest_route=\/wp\/v2\/posts\/605\/revisions"}],"predecessor-version":[{"id":607,"href":"https:\/\/tour.gradt.de\/index.php?rest_route=\/wp\/v2\/posts\/605\/revisions\/607"}],"wp:attachment":[{"href":"https:\/\/tour.gradt.de\/index.php?rest_route=%2Fwp%2Fv2%2Fmedia&parent=605"}],"wp:term":[{"taxonomy":"category","embeddable":true,"href":"https:\/\/tour.gradt.de\/index.php?rest_route=%2Fwp%2Fv2%2Fcategories&post=605"},{"taxonomy":"post_tag","embeddable":true,"href":"https:\/\/tour.gradt.de\/index.php?rest_route=%2Fwp%2Fv2%2Ftags&post=605"}],"curies":[{"name":"wp","href":"https:\/\/api.w.org\/{rel}","templated":true}]}}