{"id":620,"date":"2018-04-11T19:05:57","date_gmt":"2018-04-11T17:05:57","guid":{"rendered":"http:\/\/tour.gradt.de?p=620"},"modified":"2018-04-19T11:36:20","modified_gmt":"2018-04-19T09:36:20","slug":"fiat-problem","status":"publish","type":"post","link":"https:\/\/tour.gradt.de\/?p=620","title":{"rendered":"FIAT &#8211; Problem"},"content":{"rendered":"<p>Nach dem gem\u00fctlichen und leckeren Fr\u00fchst\u00fcck bei unserer Freundin sind wir wieder aufgebrochen. Heute war es geplant bis nach Valencia zu kommen. So weit haben wir es nicht geschafft. In Torrevieja haben wir zuf\u00e4llig einen &#8222;Fiat-Autoservice&#8220; gesehen, bei dem schon ein WoMo stand und haben entschieden unser Auto pr\u00fcfen zu lassen, weil das Schlagen unter dem Auto schlimmer geworden ist.<\/p>\n<p><!--more-->Nach einer Probefahrt konnte der Werkstattmeister tats\u00e4chlich feststellen, dass etwas nicht in Ordnung ist. Diese Autowerkstatt hatte jedoch keine M\u00f6glichkeit so ein schweres Auto wie unseres hochzuheben. Christian hat beim ADAC angerufen und morgen kriegen wir gesagt, in welche naheliegende Werkstatt wir fahren k\u00f6nnten.<\/p>\n<p>Heute \u00fcbernachten wir auf einem Stellplatz nicht weit vom Strand, zwischen zahlreichen Hochh\u00e4usern in Alicante.<\/p>\n<p><img src=\"https:\/\/i0.wp.com\/tour.gradt.de\/wp-content\/uploads\/2018\/04\/img_5897.jpg?w=525\" class=\"size-full\" data-recalc-dims=\"1\"><img src=\"https:\/\/i0.wp.com\/tour.gradt.de\/wp-content\/uploads\/2018\/04\/img_5909.jpg?w=525\" class=\"size-full\" data-recalc-dims=\"1\"><\/p>\n","protected":false},"excerpt":{"rendered":"<p>Nach dem gem\u00fctlichen und leckeren Fr\u00fchst\u00fcck bei unserer Freundin sind wir wieder aufgebrochen. Heute war es geplant bis nach Valencia zu kommen. So weit haben wir es nicht geschafft. In Torrevieja haben wir zuf\u00e4llig einen &#8222;Fiat-Autoservice&#8220; gesehen, bei dem schon ein WoMo stand und haben entschieden unser Auto pr\u00fcfen zu lassen, weil das Schlagen unter &hellip; <\/p>\n<p class=\"link-more\"><a href=\"https:\/\/tour.gradt.de\/?p=620\" class=\"more-link\"><span class=\"screen-reader-text\">\u201eFIAT &#8211; Problem\u201c<\/span> weiterlesen<\/a><\/p>\n","protected":false},"author":2,"featured_media":0,"comment_status":"open","ping_status":"open","sticky":false,"template":"","format":"standard","meta":{"jetpack_post_was_ever_published":false,"jetpack_publicize_message":"","jetpack_is_tweetstorm":false,"jetpack_publicize_feature_enabled":true},"categories":[18],"tags":[],"jetpack_publicize_connections":[],"jetpack_featured_media_url":"","jetpack_sharing_enabled":true,"jetpack_shortlink":"https:\/\/wp.me\/p9KDky-a0","jetpack_likes_enabled":true,"_links":{"self":[{"href":"https:\/\/tour.gradt.de\/index.php?rest_route=\/wp\/v2\/posts\/620"}],"collection":[{"href":"https:\/\/tour.gradt.de\/index.php?rest_route=\/wp\/v2\/posts"}],"about":[{"href":"https:\/\/tour.gradt.de\/index.php?rest_route=\/wp\/v2\/types\/post"}],"author":[{"embeddable":true,"href":"https:\/\/tour.gradt.de\/index.php?rest_route=\/wp\/v2\/users\/2"}],"replies":[{"embeddable":true,"href":"https:\/\/tour.gradt.de\/index.php?rest_route=%2Fwp%2Fv2%2Fcomments&post=620"}],"version-history":[{"count":1,"href":"https:\/\/tour.gradt.de\/index.php?rest_route=\/wp\/v2\/posts\/620\/revisions"}],"predecessor-version":[{"id":631,"href":"https:\/\/tour.gradt.de\/index.php?rest_route=\/wp\/v2\/posts\/620\/revisions\/631"}],"wp:attachment":[{"href":"https:\/\/tour.gradt.de\/index.php?rest_route=%2Fwp%2Fv2%2Fmedia&parent=620"}],"wp:term":[{"taxonomy":"category","embeddable":true,"href":"https:\/\/tour.gradt.de\/index.php?rest_route=%2Fwp%2Fv2%2Fcategories&post=620"},{"taxonomy":"post_tag","embeddable":true,"href":"https:\/\/tour.gradt.de\/index.php?rest_route=%2Fwp%2Fv2%2Ftags&post=620"}],"curies":[{"name":"wp","href":"https:\/\/api.w.org\/{rel}","templated":true}]}}