{"id":621,"date":"2018-04-12T22:25:20","date_gmt":"2018-04-12T20:25:20","guid":{"rendered":"http:\/\/tour.gradt.de?p=621"},"modified":"2018-04-19T11:31:57","modified_gmt":"2018-04-19T09:31:57","slug":"sandras-katze-in-alicante","status":"publish","type":"post","link":"https:\/\/tour.gradt.de\/?p=621","title":{"rendered":"Sandra&#8217;s Katze in Alicante"},"content":{"rendered":"<p>Nach dem Fr\u00fchst\u00fcck sind wir gegen Mittag \u00fcber die Promenade zur Tram in die Stadt gezogen.<\/p>\n<p>Auf der Promenade war richtig viel los. Jede Menge Jugendliche waren am Feiern. Aus Interesse haben wir dann sp\u00e4ter an der Haltestelle zwei M\u00e4dels gefragt, was gefeiert wird. Am zweiten Donnerstag nach Ostern wird in Alicante die Wallfahrt &#8222;La Peregrina&#8220; von Santa Faz gefeiert.<\/p>\n<p><!--more-->Das Kloster von Santa Faz bewahrt eine Reliquie auf. Der Legende nach ist es das Tuch, mit dem die heilige Veronika Jesus auf seinem Kreuzweg das blutige Gesicht abtrocknete. Die Feier der Jugendlichen hatte eher weniger einen nachdenklichen Charakter \ud83d\ude09<\/p>\n<p>Mit der Stra\u00dfenbahn sind wir in die Stadt gefahren. Durch die sch\u00f6ne Alle zum Hafen gelaufen. Dort hatten unsere Kinder viel Spa\u00df auf Karussellen gehabt. Dann weiter durch die Stadt, kleine Pl\u00e4tze, tolle Architektur angeschaut. Ersch\u00f6pft zur\u00fcck zur U-Bahn und &#8222;nach Hause&#8220;. An der mittlerweile ruhigen Promenade hat noch jeder ein Eis bekommen.<\/p>\n<p>Als wir im Womo waren, haben wir festgestellt, dass Sandra&#8217;s Tigerkatze, die sie seit Geburt jeden Moment bei sich hat, verschwunden ist. Panik, Unruhe&#8230; Es dreht sich alles um die Katze. Christian ist wieder los auf die Promenade, nachschauen ob die Katze vielleicht irgendwo &#8222;wartet&#8220;, leider hat er sie nicht gefunden. Alles f\u00fcr die Katz&#8216;!<\/p>\n<p>Beruhigt haben wir die kleine Sandra damit, dass sie sich irgendwann eine neue, tolle, kuschelige Katze aussuchen darf &#8211; das hat zum Gl\u00fcck gewirkt \ud83d\ude09<\/p>\n<p><img src=\"https:\/\/i0.wp.com\/tour.gradt.de\/wp-content\/uploads\/2018\/04\/img_5922.jpg?w=525\" class=\"size-full\" data-recalc-dims=\"1\"><img src=\"https:\/\/i0.wp.com\/tour.gradt.de\/wp-content\/uploads\/2018\/04\/img_5926.jpg?w=525\" class=\"size-full\" data-recalc-dims=\"1\"><img src=\"https:\/\/i0.wp.com\/tour.gradt.de\/wp-content\/uploads\/2018\/04\/img_5930.jpg?w=525\" class=\"size-full\" data-recalc-dims=\"1\"><img src=\"https:\/\/i0.wp.com\/tour.gradt.de\/wp-content\/uploads\/2018\/04\/img_5936.jpg?w=525\" class=\"size-full\" data-recalc-dims=\"1\"><img src=\"https:\/\/i0.wp.com\/tour.gradt.de\/wp-content\/uploads\/2018\/04\/img_5986.jpg?w=525\" class=\"size-full\" data-recalc-dims=\"1\"><\/p>\n","protected":false},"excerpt":{"rendered":"<p>Nach dem Fr\u00fchst\u00fcck sind wir gegen Mittag \u00fcber die Promenade zur Tram in die Stadt gezogen. Auf der Promenade war richtig viel los. Jede Menge Jugendliche waren am Feiern. Aus Interesse haben wir dann sp\u00e4ter an der Haltestelle zwei M\u00e4dels gefragt, was gefeiert wird. Am zweiten Donnerstag nach Ostern wird in Alicante die Wallfahrt &#8222;La &hellip; <\/p>\n<p class=\"link-more\"><a href=\"https:\/\/tour.gradt.de\/?p=621\" class=\"more-link\"><span class=\"screen-reader-text\">\u201eSandra&#8217;s Katze in Alicante\u201c<\/span> weiterlesen<\/a><\/p>\n","protected":false},"author":2,"featured_media":627,"comment_status":"open","ping_status":"closed","sticky":false,"template":"","format":"standard","meta":{"jetpack_post_was_ever_published":false,"jetpack_publicize_message":"","jetpack_is_tweetstorm":false,"jetpack_publicize_feature_enabled":true},"categories":[18],"tags":[],"jetpack_publicize_connections":[],"jetpack_featured_media_url":"https:\/\/i0.wp.com\/tour.gradt.de\/wp-content\/uploads\/2018\/04\/img_5936.jpg?fit=2448%2C3264&ssl=1","jetpack_sharing_enabled":true,"jetpack_shortlink":"https:\/\/wp.me\/p9KDky-a1","jetpack_likes_enabled":true,"_links":{"self":[{"href":"https:\/\/tour.gradt.de\/index.php?rest_route=\/wp\/v2\/posts\/621"}],"collection":[{"href":"https:\/\/tour.gradt.de\/index.php?rest_route=\/wp\/v2\/posts"}],"about":[{"href":"https:\/\/tour.gradt.de\/index.php?rest_route=\/wp\/v2\/types\/post"}],"author":[{"embeddable":true,"href":"https:\/\/tour.gradt.de\/index.php?rest_route=\/wp\/v2\/users\/2"}],"replies":[{"embeddable":true,"href":"https:\/\/tour.gradt.de\/index.php?rest_route=%2Fwp%2Fv2%2Fcomments&post=621"}],"version-history":[{"count":4,"href":"https:\/\/tour.gradt.de\/index.php?rest_route=\/wp\/v2\/posts\/621\/revisions"}],"predecessor-version":[{"id":648,"href":"https:\/\/tour.gradt.de\/index.php?rest_route=\/wp\/v2\/posts\/621\/revisions\/648"}],"wp:featuredmedia":[{"embeddable":true,"href":"https:\/\/tour.gradt.de\/index.php?rest_route=\/wp\/v2\/media\/627"}],"wp:attachment":[{"href":"https:\/\/tour.gradt.de\/index.php?rest_route=%2Fwp%2Fv2%2Fmedia&parent=621"}],"wp:term":[{"taxonomy":"category","embeddable":true,"href":"https:\/\/tour.gradt.de\/index.php?rest_route=%2Fwp%2Fv2%2Fcategories&post=621"},{"taxonomy":"post_tag","embeddable":true,"href":"https:\/\/tour.gradt.de\/index.php?rest_route=%2Fwp%2Fv2%2Ftags&post=621"}],"curies":[{"name":"wp","href":"https:\/\/api.w.org\/{rel}","templated":true}]}}