{"id":653,"date":"2018-04-14T21:55:11","date_gmt":"2018-04-14T19:55:11","guid":{"rendered":"http:\/\/tour.gradt.de?p=653"},"modified":"2018-04-19T11:35:54","modified_gmt":"2018-04-19T09:35:54","slug":"spannung","status":"publish","type":"post","link":"https:\/\/tour.gradt.de\/?p=653","title":{"rendered":"Spannung"},"content":{"rendered":"<p>Es war heute sehr frisch und etwas ungem\u00fctlich nach dem Aufstehen. Nicht so toll ohne Strom. Alle waren etwas geknickt und auch gereizt. Eigentlich wollten wir Valencia anschauen, aber bei so einer Stimmung haben wir lieber einen freien Tag eingelegt.<\/p>\n<p><!--more-->Die Treppe ging nicht mehr hoch, auch auf Strom angewiesen. Wir haben den n\u00e4chstm\u00f6glichen Stellplatz angefahren und &#8222;unser Zuhause&#8220; an den Strom geh\u00e4ngt.<\/p>\n<p>Anna hat mit den Kindern einen Spaziergang gemacht und Christian hat sich ausgeruht, ja das war n\u00f6tig \ud83d\ude42<\/p>\n<p>Danach haben die Kinder einen kleinen spanischen Jungen, den Sohn der Stellplatzbesitzer, etwa im Alter von Sandra, kennengelernt und haben den ganzen Nachmittag mit ihm verbracht.<\/p>\n<p>Am Abend hat die Spannung nachgelassen und es war fast alles wieder gut.<\/p>\n<p><img loading=\"lazy\" src=\"https:\/\/i0.wp.com\/tour.gradt.de\/wp-content\/uploads\/2018\/04\/img_6031-1.jpg?resize=525%2C700\" class=\"wp-image-697 size-full\" height=\"700\" width=\"525\" srcset=\"https:\/\/i0.wp.com\/tour.gradt.de\/wp-content\/uploads\/2018\/04\/img_6031-1.jpg?w=2448&amp;ssl=1 2448w, https:\/\/i0.wp.com\/tour.gradt.de\/wp-content\/uploads\/2018\/04\/img_6031-1.jpg?resize=225%2C300&amp;ssl=1 225w, https:\/\/i0.wp.com\/tour.gradt.de\/wp-content\/uploads\/2018\/04\/img_6031-1.jpg?resize=768%2C1024&amp;ssl=1 768w, https:\/\/i0.wp.com\/tour.gradt.de\/wp-content\/uploads\/2018\/04\/img_6031-1.jpg?w=1050 1050w, https:\/\/i0.wp.com\/tour.gradt.de\/wp-content\/uploads\/2018\/04\/img_6031-1.jpg?w=1575 1575w\" sizes=\"(max-width: 767px) 89vw, (max-width: 1000px) 54vw, (max-width: 1071px) 543px, 580px\" data-recalc-dims=\"1\" \/><img loading=\"lazy\" src=\"https:\/\/i0.wp.com\/tour.gradt.de\/wp-content\/uploads\/2018\/04\/img_6029-1.jpg?resize=525%2C700\" class=\"wp-image-696 size-full\" height=\"700\" width=\"525\" srcset=\"https:\/\/i0.wp.com\/tour.gradt.de\/wp-content\/uploads\/2018\/04\/img_6029-1.jpg?w=2448&amp;ssl=1 2448w, https:\/\/i0.wp.com\/tour.gradt.de\/wp-content\/uploads\/2018\/04\/img_6029-1.jpg?resize=225%2C300&amp;ssl=1 225w, https:\/\/i0.wp.com\/tour.gradt.de\/wp-content\/uploads\/2018\/04\/img_6029-1.jpg?resize=768%2C1024&amp;ssl=1 768w, https:\/\/i0.wp.com\/tour.gradt.de\/wp-content\/uploads\/2018\/04\/img_6029-1.jpg?w=1050 1050w, https:\/\/i0.wp.com\/tour.gradt.de\/wp-content\/uploads\/2018\/04\/img_6029-1.jpg?w=1575 1575w\" sizes=\"(max-width: 767px) 89vw, (max-width: 1000px) 54vw, (max-width: 1071px) 543px, 580px\" data-recalc-dims=\"1\" \/><\/p>\n","protected":false},"excerpt":{"rendered":"<p>Es war heute sehr frisch und etwas ungem\u00fctlich nach dem Aufstehen. Nicht so toll ohne Strom. Alle waren etwas geknickt und auch gereizt. Eigentlich wollten wir Valencia anschauen, aber bei so einer Stimmung haben wir lieber einen freien Tag eingelegt.<\/p>\n","protected":false},"author":2,"featured_media":663,"comment_status":"open","ping_status":"closed","sticky":false,"template":"","format":"standard","meta":{"jetpack_post_was_ever_published":false,"jetpack_publicize_message":"","jetpack_is_tweetstorm":false,"jetpack_publicize_feature_enabled":true},"categories":[18],"tags":[],"jetpack_publicize_connections":[],"jetpack_featured_media_url":"https:\/\/i0.wp.com\/tour.gradt.de\/wp-content\/uploads\/2018\/04\/img_6029.jpg?fit=2448%2C3264&ssl=1","jetpack_sharing_enabled":true,"jetpack_shortlink":"https:\/\/wp.me\/s9KDky-spannung","jetpack_likes_enabled":true,"_links":{"self":[{"href":"https:\/\/tour.gradt.de\/index.php?rest_route=\/wp\/v2\/posts\/653"}],"collection":[{"href":"https:\/\/tour.gradt.de\/index.php?rest_route=\/wp\/v2\/posts"}],"about":[{"href":"https:\/\/tour.gradt.de\/index.php?rest_route=\/wp\/v2\/types\/post"}],"author":[{"embeddable":true,"href":"https:\/\/tour.gradt.de\/index.php?rest_route=\/wp\/v2\/users\/2"}],"replies":[{"embeddable":true,"href":"https:\/\/tour.gradt.de\/index.php?rest_route=%2Fwp%2Fv2%2Fcomments&post=653"}],"version-history":[{"count":3,"href":"https:\/\/tour.gradt.de\/index.php?rest_route=\/wp\/v2\/posts\/653\/revisions"}],"predecessor-version":[{"id":698,"href":"https:\/\/tour.gradt.de\/index.php?rest_route=\/wp\/v2\/posts\/653\/revisions\/698"}],"wp:featuredmedia":[{"embeddable":true,"href":"https:\/\/tour.gradt.de\/index.php?rest_route=\/wp\/v2\/media\/663"}],"wp:attachment":[{"href":"https:\/\/tour.gradt.de\/index.php?rest_route=%2Fwp%2Fv2%2Fmedia&parent=653"}],"wp:term":[{"taxonomy":"category","embeddable":true,"href":"https:\/\/tour.gradt.de\/index.php?rest_route=%2Fwp%2Fv2%2Fcategories&post=653"},{"taxonomy":"post_tag","embeddable":true,"href":"https:\/\/tour.gradt.de\/index.php?rest_route=%2Fwp%2Fv2%2Ftags&post=653"}],"curies":[{"name":"wp","href":"https:\/\/api.w.org\/{rel}","templated":true}]}}