{"id":685,"date":"2018-04-16T23:35:55","date_gmt":"2018-04-16T21:35:55","guid":{"rendered":"http:\/\/tour.gradt.de?p=685"},"modified":"2018-04-19T11:31:20","modified_gmt":"2018-04-19T09:31:20","slug":"lange-fahrt","status":"publish","type":"post","link":"https:\/\/tour.gradt.de\/?p=685","title":{"rendered":"Lange Fahrt"},"content":{"rendered":"<p>Heute wollen wir nichts anschauen und fahren ein St\u00fcckchen, au\u00dferdem ist der K\u00fchlschrank leer. Daher steht ein gro\u00dfer Einkauf mit auf dem Tagesplan. Nach einem ausgiebigen Fr\u00fchst\u00fcck sind wir los bis nach Tortosa. W\u00e4hrend der Fahrt hat Anna eine Einkaufsliste gemacht. Christian ist mit den zwei Gro\u00dfen zum Einkaufen. Anna ist mit Sebi &#8222;zu Hause&#8220; geblieben und aus restlichen Zutaten noch was gekocht. Es gab Reis mit Putenfleisch in Spinatsauce.<\/p>\n<p><!--more-->Wir haben uns dann den Campingplatz &#8222;Camping Barcelona&#8220; ausgesucht und wollten es heute bis dahin schaffen. Das war eine relativ lange Fahrt, aber die Kinder haben gut mitgemacht.<\/p>\n<p>Der Campingplatz liegt hinter Barcelona. Beim Vorbeifahren haben wir den gro\u00dfen spanischen Friedhof gesehen. Der liegt auf dem Berg. Ehrlich gesagt sehr beeindruckend. Als erstes haben wir gedacht, dass sind Hochh\u00e4user &#8211; so hat der Marmor der Grabsteine reflektiert. Aber hier werden die Gr\u00e4ber auf einander gestapelt, und wenn man die Blumen auf das oberste Grab stellen m\u00f6chte, muss man auf einer Leiter hochklettern.<\/p>\n<p>Am Abend sind wir sp\u00e4t am Campingplatz angekommen. Der Platz war relativ voll aber nicht zu voll, so dass wir einen Stellplatz f\u00fcr uns aussuchen durften. Wir haben einen Stellplatz mit Blick aufs Meer und nicht so weit vom Spielplatz ausgesucht, so dass wir die Kinder im Blick haben wenn sie auf dem Spielplatz toben.<\/p>\n<p>Hier wollen wir mindestens ein Paar Tage bleiben. Barcelona anschauen und Chillen \ud83d\ude42<\/p>\n<p><img loading=\"lazy\" src=\"https:\/\/i0.wp.com\/tour.gradt.de\/wp-content\/uploads\/2018\/04\/img_6094.jpg?resize=525%2C700\" class=\"wp-image-686 size-full\" height=\"700\" width=\"525\" srcset=\"https:\/\/i0.wp.com\/tour.gradt.de\/wp-content\/uploads\/2018\/04\/img_6094.jpg?w=2448&amp;ssl=1 2448w, https:\/\/i0.wp.com\/tour.gradt.de\/wp-content\/uploads\/2018\/04\/img_6094.jpg?resize=225%2C300&amp;ssl=1 225w, https:\/\/i0.wp.com\/tour.gradt.de\/wp-content\/uploads\/2018\/04\/img_6094.jpg?resize=768%2C1024&amp;ssl=1 768w, https:\/\/i0.wp.com\/tour.gradt.de\/wp-content\/uploads\/2018\/04\/img_6094.jpg?w=1050 1050w, https:\/\/i0.wp.com\/tour.gradt.de\/wp-content\/uploads\/2018\/04\/img_6094.jpg?w=1575 1575w\" sizes=\"(max-width: 767px) 89vw, (max-width: 1000px) 54vw, (max-width: 1071px) 543px, 580px\" data-recalc-dims=\"1\" \/><img loading=\"lazy\" src=\"https:\/\/i0.wp.com\/tour.gradt.de\/wp-content\/uploads\/2018\/04\/img_6095.jpg?resize=525%2C700\" class=\"wp-image-687 size-full\" height=\"700\" width=\"525\" srcset=\"https:\/\/i0.wp.com\/tour.gradt.de\/wp-content\/uploads\/2018\/04\/img_6095.jpg?w=2448&amp;ssl=1 2448w, https:\/\/i0.wp.com\/tour.gradt.de\/wp-content\/uploads\/2018\/04\/img_6095.jpg?resize=225%2C300&amp;ssl=1 225w, https:\/\/i0.wp.com\/tour.gradt.de\/wp-content\/uploads\/2018\/04\/img_6095.jpg?resize=768%2C1024&amp;ssl=1 768w, https:\/\/i0.wp.com\/tour.gradt.de\/wp-content\/uploads\/2018\/04\/img_6095.jpg?w=1050 1050w, https:\/\/i0.wp.com\/tour.gradt.de\/wp-content\/uploads\/2018\/04\/img_6095.jpg?w=1575 1575w\" sizes=\"(max-width: 767px) 89vw, (max-width: 1000px) 54vw, (max-width: 1071px) 543px, 580px\" data-recalc-dims=\"1\" \/><\/p>\n","protected":false},"excerpt":{"rendered":"<p>Heute wollen wir nichts anschauen und fahren ein St\u00fcckchen, au\u00dferdem ist der K\u00fchlschrank leer. Daher steht ein gro\u00dfer Einkauf mit auf dem Tagesplan. Nach einem ausgiebigen Fr\u00fchst\u00fcck sind wir los bis nach Tortosa. W\u00e4hrend der Fahrt hat Anna eine Einkaufsliste gemacht. Christian ist mit den zwei Gro\u00dfen zum Einkaufen. Anna ist mit Sebi &#8222;zu Hause&#8220; &hellip; <\/p>\n<p class=\"link-more\"><a href=\"https:\/\/tour.gradt.de\/?p=685\" class=\"more-link\"><span class=\"screen-reader-text\">\u201eLange Fahrt\u201c<\/span> weiterlesen<\/a><\/p>\n","protected":false},"author":2,"featured_media":686,"comment_status":"open","ping_status":"closed","sticky":false,"template":"","format":"standard","meta":{"jetpack_post_was_ever_published":false,"jetpack_publicize_message":"","jetpack_is_tweetstorm":false,"jetpack_publicize_feature_enabled":true},"categories":[18],"tags":[],"jetpack_publicize_connections":[],"jetpack_featured_media_url":"https:\/\/i0.wp.com\/tour.gradt.de\/wp-content\/uploads\/2018\/04\/img_6094.jpg?fit=2448%2C3264&ssl=1","jetpack_sharing_enabled":true,"jetpack_shortlink":"https:\/\/wp.me\/p9KDky-b3","jetpack_likes_enabled":true,"_links":{"self":[{"href":"https:\/\/tour.gradt.de\/index.php?rest_route=\/wp\/v2\/posts\/685"}],"collection":[{"href":"https:\/\/tour.gradt.de\/index.php?rest_route=\/wp\/v2\/posts"}],"about":[{"href":"https:\/\/tour.gradt.de\/index.php?rest_route=\/wp\/v2\/types\/post"}],"author":[{"embeddable":true,"href":"https:\/\/tour.gradt.de\/index.php?rest_route=\/wp\/v2\/users\/2"}],"replies":[{"embeddable":true,"href":"https:\/\/tour.gradt.de\/index.php?rest_route=%2Fwp%2Fv2%2Fcomments&post=685"}],"version-history":[{"count":6,"href":"https:\/\/tour.gradt.de\/index.php?rest_route=\/wp\/v2\/posts\/685\/revisions"}],"predecessor-version":[{"id":711,"href":"https:\/\/tour.gradt.de\/index.php?rest_route=\/wp\/v2\/posts\/685\/revisions\/711"}],"wp:featuredmedia":[{"embeddable":true,"href":"https:\/\/tour.gradt.de\/index.php?rest_route=\/wp\/v2\/media\/686"}],"wp:attachment":[{"href":"https:\/\/tour.gradt.de\/index.php?rest_route=%2Fwp%2Fv2%2Fmedia&parent=685"}],"wp:term":[{"taxonomy":"category","embeddable":true,"href":"https:\/\/tour.gradt.de\/index.php?rest_route=%2Fwp%2Fv2%2Fcategories&post=685"},{"taxonomy":"post_tag","embeddable":true,"href":"https:\/\/tour.gradt.de\/index.php?rest_route=%2Fwp%2Fv2%2Ftags&post=685"}],"curies":[{"name":"wp","href":"https:\/\/api.w.org\/{rel}","templated":true}]}}