{"id":694,"date":"2018-04-18T06:35:08","date_gmt":"2018-04-18T04:35:08","guid":{"rendered":"http:\/\/tour.gradt.de?p=694"},"modified":"2018-04-19T11:35:46","modified_gmt":"2018-04-19T09:35:46","slug":"zum-ersten-mal-zelten","status":"publish","type":"post","link":"https:\/\/tour.gradt.de\/?p=694","title":{"rendered":"Zum ersten Mal Zelten"},"content":{"rendered":"<p>Ein warmer, sonniger Tag, Fr\u00fchst\u00fcck im Freien, Morgenwind, Kaffeeduft, Rauschen des Meeres, und die Gelassenheit&#8230; ist das nicht Urlaub? Doch das ist er \ud83d\ude42 So hat unser Tag angefangen.<\/p>\n<p>Heute bleiben wir auf dem Campingplatz, um diese Atmosph\u00e4re n\u00e4her kennenzulernen, mehr zu sp\u00fcren. Jeder Campingplatz, jeder Stellplatz hat eine eigene Stimmung. Es f\u00fchlt sich jedes Mal anders an.<\/p>\n<p><!--more-->Die Kinder haben Brettspiele gespielt, sind auf ihren Fahrr\u00e4dern \u00fcber den Platz hin- und hergeflitzt, haben aus Knete W\u00fcrstchen und Br\u00f6tchen geformt. Auf die Frage &#8222;was ihr aus Knete macht&#8220;, kam prompt die Antwort:&#8220;letzte Bratwurst vor Amerika&#8220; \ud83d\ude42<\/p>\n<p>Die Eltern haben mit Sebastian gespielt, sich in der Sonne zur\u00fcck gelehnt, ein Buch gelesen, sich mit den Nachbarn unterhalten. Am Abend haben wir gegrillt. Zum ersten Mal haben wir den neuen Grill ausprobiert, den wir von Christian&#8217;s Kollegen geschenkt bekommen haben. Sehr gut! \ud83d\ude42<\/p>\n<p>Danach kam das Highlight des Tages. Christian hat zusammen mit den Kindern das Zelt aufgebaut und die Matratzen aufgepumpt. Freude ohne Ende \ud83d\ude42 Adrian und  Sandra durften das erste Mal zelten. Sie haben ihre Spielzeuge aus dem Auto ins Zelt getragen, falls sie wach werden und nichts zum Spielen haben \ud83d\ude42 Dann haben Sie angefangen ihre Klamotten ins Zelt zu transportieren, falls es nachts frisch wird. Irgendwann mussten wir sie bremsen, bevor das Auto leer wird und das kleine Zelt zu voll :-))) Endlich liegen die Beiden im Zelt in ihren Schlafs\u00e4cken. Noch eine Geschichte von R\u00e4uber Hotzenplotz , von Anna vorgelesen und dann sollten sie eigentlich schlafen. Erst gegen 23 Uhr sind sie eingeschlafen. Um 2 Uhr in der Nacht waren sie wieder im Auto. Zuerst Adrian, dann hat er Sandra wach gemacht. Pl\u00f6tzlich wollten sie wieder in ihre Betten und zu Mama und Papa \ud83d\ude42<\/p>\n<p><img loading=\"lazy\" src=\"https:\/\/i0.wp.com\/tour.gradt.de\/wp-content\/uploads\/2018\/04\/img_6105.jpg?resize=525%2C700\" class=\"wp-image-701 size-full\" height=\"700\" width=\"525\" srcset=\"https:\/\/i0.wp.com\/tour.gradt.de\/wp-content\/uploads\/2018\/04\/img_6105.jpg?w=2448&amp;ssl=1 2448w, https:\/\/i0.wp.com\/tour.gradt.de\/wp-content\/uploads\/2018\/04\/img_6105.jpg?resize=225%2C300&amp;ssl=1 225w, https:\/\/i0.wp.com\/tour.gradt.de\/wp-content\/uploads\/2018\/04\/img_6105.jpg?resize=768%2C1024&amp;ssl=1 768w, https:\/\/i0.wp.com\/tour.gradt.de\/wp-content\/uploads\/2018\/04\/img_6105.jpg?w=1050 1050w, https:\/\/i0.wp.com\/tour.gradt.de\/wp-content\/uploads\/2018\/04\/img_6105.jpg?w=1575 1575w\" sizes=\"(max-width: 767px) 89vw, (max-width: 1000px) 54vw, (max-width: 1071px) 543px, 580px\" data-recalc-dims=\"1\" \/><img loading=\"lazy\" src=\"https:\/\/i0.wp.com\/tour.gradt.de\/wp-content\/uploads\/2018\/04\/img_6103.jpg?resize=525%2C700\" class=\"size-full wp-image-702\" height=\"700\" width=\"525\" srcset=\"https:\/\/i0.wp.com\/tour.gradt.de\/wp-content\/uploads\/2018\/04\/img_6103.jpg?w=2448&amp;ssl=1 2448w, https:\/\/i0.wp.com\/tour.gradt.de\/wp-content\/uploads\/2018\/04\/img_6103.jpg?resize=225%2C300&amp;ssl=1 225w, https:\/\/i0.wp.com\/tour.gradt.de\/wp-content\/uploads\/2018\/04\/img_6103.jpg?resize=768%2C1024&amp;ssl=1 768w, https:\/\/i0.wp.com\/tour.gradt.de\/wp-content\/uploads\/2018\/04\/img_6103.jpg?w=1050 1050w, https:\/\/i0.wp.com\/tour.gradt.de\/wp-content\/uploads\/2018\/04\/img_6103.jpg?w=1575 1575w\" sizes=\"(max-width: 767px) 89vw, (max-width: 1000px) 54vw, (max-width: 1071px) 543px, 580px\" data-recalc-dims=\"1\" \/><img loading=\"lazy\" src=\"https:\/\/i0.wp.com\/tour.gradt.de\/wp-content\/uploads\/2018\/04\/img_6106.jpg?resize=525%2C700\" class=\"wp-image-706 size-full\" height=\"700\" width=\"525\" srcset=\"https:\/\/i0.wp.com\/tour.gradt.de\/wp-content\/uploads\/2018\/04\/img_6106.jpg?w=2448&amp;ssl=1 2448w, https:\/\/i0.wp.com\/tour.gradt.de\/wp-content\/uploads\/2018\/04\/img_6106.jpg?resize=225%2C300&amp;ssl=1 225w, https:\/\/i0.wp.com\/tour.gradt.de\/wp-content\/uploads\/2018\/04\/img_6106.jpg?resize=768%2C1024&amp;ssl=1 768w, https:\/\/i0.wp.com\/tour.gradt.de\/wp-content\/uploads\/2018\/04\/img_6106.jpg?w=1050 1050w, https:\/\/i0.wp.com\/tour.gradt.de\/wp-content\/uploads\/2018\/04\/img_6106.jpg?w=1575 1575w\" sizes=\"(max-width: 767px) 89vw, (max-width: 1000px) 54vw, (max-width: 1071px) 543px, 580px\" data-recalc-dims=\"1\" \/><img src=\"https:\/\/i0.wp.com\/tour.gradt.de\/wp-content\/uploads\/2018\/04\/img_6109.jpg?w=525\" class=\"size-full\" data-recalc-dims=\"1\"><img loading=\"lazy\" src=\"https:\/\/i0.wp.com\/tour.gradt.de\/wp-content\/uploads\/2018\/04\/img_6110.jpg?resize=525%2C700\" class=\"wp-image-704 size-full\" height=\"700\" width=\"525\" srcset=\"https:\/\/i0.wp.com\/tour.gradt.de\/wp-content\/uploads\/2018\/04\/img_6110.jpg?w=2448&amp;ssl=1 2448w, https:\/\/i0.wp.com\/tour.gradt.de\/wp-content\/uploads\/2018\/04\/img_6110.jpg?resize=225%2C300&amp;ssl=1 225w, https:\/\/i0.wp.com\/tour.gradt.de\/wp-content\/uploads\/2018\/04\/img_6110.jpg?resize=768%2C1024&amp;ssl=1 768w, https:\/\/i0.wp.com\/tour.gradt.de\/wp-content\/uploads\/2018\/04\/img_6110.jpg?w=1050 1050w, https:\/\/i0.wp.com\/tour.gradt.de\/wp-content\/uploads\/2018\/04\/img_6110.jpg?w=1575 1575w\" sizes=\"(max-width: 767px) 89vw, (max-width: 1000px) 54vw, (max-width: 1071px) 543px, 580px\" data-recalc-dims=\"1\" \/><img loading=\"lazy\" src=\"https:\/\/i0.wp.com\/tour.gradt.de\/wp-content\/uploads\/2018\/04\/img_6112.jpg?resize=525%2C700\" class=\"size-full wp-image-705\" height=\"700\" width=\"525\" srcset=\"https:\/\/i0.wp.com\/tour.gradt.de\/wp-content\/uploads\/2018\/04\/img_6112.jpg?w=2448&amp;ssl=1 2448w, https:\/\/i0.wp.com\/tour.gradt.de\/wp-content\/uploads\/2018\/04\/img_6112.jpg?resize=225%2C300&amp;ssl=1 225w, https:\/\/i0.wp.com\/tour.gradt.de\/wp-content\/uploads\/2018\/04\/img_6112.jpg?resize=768%2C1024&amp;ssl=1 768w, https:\/\/i0.wp.com\/tour.gradt.de\/wp-content\/uploads\/2018\/04\/img_6112.jpg?w=1050 1050w, https:\/\/i0.wp.com\/tour.gradt.de\/wp-content\/uploads\/2018\/04\/img_6112.jpg?w=1575 1575w\" sizes=\"(max-width: 767px) 89vw, (max-width: 1000px) 54vw, (max-width: 1071px) 543px, 580px\" data-recalc-dims=\"1\" \/><img loading=\"lazy\" src=\"https:\/\/i0.wp.com\/tour.gradt.de\/wp-content\/uploads\/2018\/04\/img_6131.jpg?resize=525%2C700\" class=\"size-full wp-image-707\" height=\"700\" width=\"525\" srcset=\"https:\/\/i0.wp.com\/tour.gradt.de\/wp-content\/uploads\/2018\/04\/img_6131.jpg?w=2448&amp;ssl=1 2448w, https:\/\/i0.wp.com\/tour.gradt.de\/wp-content\/uploads\/2018\/04\/img_6131.jpg?resize=225%2C300&amp;ssl=1 225w, https:\/\/i0.wp.com\/tour.gradt.de\/wp-content\/uploads\/2018\/04\/img_6131.jpg?resize=768%2C1024&amp;ssl=1 768w, https:\/\/i0.wp.com\/tour.gradt.de\/wp-content\/uploads\/2018\/04\/img_6131.jpg?w=1050 1050w, https:\/\/i0.wp.com\/tour.gradt.de\/wp-content\/uploads\/2018\/04\/img_6131.jpg?w=1575 1575w\" sizes=\"(max-width: 767px) 89vw, (max-width: 1000px) 54vw, (max-width: 1071px) 543px, 580px\" data-recalc-dims=\"1\" \/><\/p>\n","protected":false},"excerpt":{"rendered":"<p>Ein warmer, sonniger Tag, Fr\u00fchst\u00fcck im Freien, Morgenwind, Kaffeeduft, Rauschen des Meeres, und die Gelassenheit&#8230; ist das nicht Urlaub? Doch das ist er \ud83d\ude42 So hat unser Tag angefangen. Heute bleiben wir auf dem Campingplatz, um diese Atmosph\u00e4re n\u00e4her kennenzulernen, mehr zu sp\u00fcren. Jeder Campingplatz, jeder Stellplatz hat eine eigene Stimmung. Es f\u00fchlt sich jedes &hellip; <\/p>\n<p class=\"link-more\"><a href=\"https:\/\/tour.gradt.de\/?p=694\" class=\"more-link\"><span class=\"screen-reader-text\">\u201eZum ersten Mal Zelten\u201c<\/span> weiterlesen<\/a><\/p>\n","protected":false},"author":2,"featured_media":707,"comment_status":"open","ping_status":"closed","sticky":false,"template":"","format":"standard","meta":{"jetpack_post_was_ever_published":false,"jetpack_publicize_message":"","jetpack_is_tweetstorm":false,"jetpack_publicize_feature_enabled":true},"categories":[18],"tags":[],"jetpack_publicize_connections":[],"jetpack_featured_media_url":"https:\/\/i0.wp.com\/tour.gradt.de\/wp-content\/uploads\/2018\/04\/img_6131.jpg?fit=2448%2C3264&ssl=1","jetpack_sharing_enabled":true,"jetpack_shortlink":"https:\/\/wp.me\/p9KDky-bc","jetpack_likes_enabled":true,"_links":{"self":[{"href":"https:\/\/tour.gradt.de\/index.php?rest_route=\/wp\/v2\/posts\/694"}],"collection":[{"href":"https:\/\/tour.gradt.de\/index.php?rest_route=\/wp\/v2\/posts"}],"about":[{"href":"https:\/\/tour.gradt.de\/index.php?rest_route=\/wp\/v2\/types\/post"}],"author":[{"embeddable":true,"href":"https:\/\/tour.gradt.de\/index.php?rest_route=\/wp\/v2\/users\/2"}],"replies":[{"embeddable":true,"href":"https:\/\/tour.gradt.de\/index.php?rest_route=%2Fwp%2Fv2%2Fcomments&post=694"}],"version-history":[{"count":5,"href":"https:\/\/tour.gradt.de\/index.php?rest_route=\/wp\/v2\/posts\/694\/revisions"}],"predecessor-version":[{"id":712,"href":"https:\/\/tour.gradt.de\/index.php?rest_route=\/wp\/v2\/posts\/694\/revisions\/712"}],"wp:featuredmedia":[{"embeddable":true,"href":"https:\/\/tour.gradt.de\/index.php?rest_route=\/wp\/v2\/media\/707"}],"wp:attachment":[{"href":"https:\/\/tour.gradt.de\/index.php?rest_route=%2Fwp%2Fv2%2Fmedia&parent=694"}],"wp:term":[{"taxonomy":"category","embeddable":true,"href":"https:\/\/tour.gradt.de\/index.php?rest_route=%2Fwp%2Fv2%2Fcategories&post=694"},{"taxonomy":"post_tag","embeddable":true,"href":"https:\/\/tour.gradt.de\/index.php?rest_route=%2Fwp%2Fv2%2Ftags&post=694"}],"curies":[{"name":"wp","href":"https:\/\/api.w.org\/{rel}","templated":true}]}}