{"id":710,"date":"2018-04-19T12:20:46","date_gmt":"2018-04-19T10:20:46","guid":{"rendered":"http:\/\/tour.gradt.de?p=710"},"modified":"2018-04-19T12:20:51","modified_gmt":"2018-04-19T10:20:51","slug":"barcelona-geschmacksache","status":"publish","type":"post","link":"https:\/\/tour.gradt.de\/?p=710","title":{"rendered":"Barcelona &#8211; Geschmacksache"},"content":{"rendered":"<p>Heute stand auf dem Plan Barcelona zu besichtigen. Von unserem Campingplatz bis nach Barcelona f\u00e4hrt ein kostenloser Bus, extra f\u00fcr die G\u00e4ste vom Campingplatz. Um 11 sind wir hin und um 17 Uhr mit dem gleichen Bus zur\u00fcck.<\/p>\n<p>Barcelona ist eine sehr gro\u00dfe und laute Stadt, aktuell wird viel gebaut. Vom Placa del Catalunya sind wir an der Kathedrale vorbei durch die Altstadt zur Promenade am Hafen. Hohe Geb\u00e4ude, schmale Gassen, damit wird im Sommer viel Schatten gespendet. Am Hafen haben wir dann riesige Yachten, \u00fcberdimensionale Kunstwerke und den Palast der Hafenkommandantur gesehen. Ein tolles Bild.<\/p>\n<p>Es ging weiter zum Stadtstrand durch ein Meer von afrikanischen Stra\u00dfenverk\u00e4ufern, die alle m\u00f6glichen \u201eoriginal\u201c Markenartikel anboten. Super Schn\u00e4ppchen, beste Qualit\u00e4t \ud83d\ude09<\/p>\n<p>Der Stadtstrand war voller Menschen &#8211; wahrscheinlich haben die alle Mittagspause gemacht&#8230; so sch\u00f6n kann in Barcelona die Pause sein. Die Kinder haben im Sand gespielt und danach ging es mit der Metro zur Sagrada Familia und wieder zum Placa del Catalunya &#8211; noch etwas mit den Tauben spielen und die R\u00fcckfahrt zum Campingplatz antreten.<\/p>\n<p>In Summe hat uns der Wow-Effekt f\u00fcr diese Stadt gefehlt. Am Freitag wollen wir nochmal hin und schauen, ob es bessere Punkte in der Stadt gibt. Wer von Euch Tipps hat, darf die uns gerne mitgeben!<\/p>\n<p><img src=\"https:\/\/i0.wp.com\/tour.gradt.de\/wp-content\/uploads\/2018\/04\/img_6142.jpg?w=525\" class=\"size-full\" data-recalc-dims=\"1\"><img src=\"https:\/\/i0.wp.com\/tour.gradt.de\/wp-content\/uploads\/2018\/04\/img_6145.jpg?w=525\" class=\"size-full\" data-recalc-dims=\"1\"><img src=\"https:\/\/i0.wp.com\/tour.gradt.de\/wp-content\/uploads\/2018\/04\/img_6147.jpg?w=525\" class=\"size-full\" data-recalc-dims=\"1\"><img src=\"https:\/\/i0.wp.com\/tour.gradt.de\/wp-content\/uploads\/2018\/04\/img_6149.jpg?w=525\" class=\"size-full\" data-recalc-dims=\"1\"><img src=\"https:\/\/i0.wp.com\/tour.gradt.de\/wp-content\/uploads\/2018\/04\/img_6154.jpg?w=525\" class=\"size-full\" data-recalc-dims=\"1\"><img src=\"https:\/\/i0.wp.com\/tour.gradt.de\/wp-content\/uploads\/2018\/04\/img_6161.jpg?w=525\" class=\"size-full\" data-recalc-dims=\"1\"><img src=\"https:\/\/i0.wp.com\/tour.gradt.de\/wp-content\/uploads\/2018\/04\/img_6166.jpg?w=525\" class=\"size-full\" data-recalc-dims=\"1\"><img src=\"https:\/\/i0.wp.com\/tour.gradt.de\/wp-content\/uploads\/2018\/04\/img_6181.jpg?w=525\" class=\"size-full\" data-recalc-dims=\"1\"><\/p>\n","protected":false},"excerpt":{"rendered":"<p>Heute stand auf dem Plan Barcelona zu besichtigen. Von unserem Campingplatz bis nach Barcelona f\u00e4hrt ein kostenloser Bus, extra f\u00fcr die G\u00e4ste vom Campingplatz. Um 11 sind wir hin und um 17 Uhr mit dem gleichen Bus zur\u00fcck. Barcelona ist eine sehr gro\u00dfe und laute Stadt, aktuell wird viel gebaut. Vom Placa del Catalunya sind &hellip; <\/p>\n<p class=\"link-more\"><a href=\"https:\/\/tour.gradt.de\/?p=710\" class=\"more-link\"><span class=\"screen-reader-text\">\u201eBarcelona &#8211; Geschmacksache\u201c<\/span> weiterlesen<\/a><\/p>\n","protected":false},"author":1,"featured_media":0,"comment_status":"open","ping_status":"closed","sticky":false,"template":"","format":"standard","meta":{"jetpack_post_was_ever_published":false,"jetpack_publicize_message":"","jetpack_is_tweetstorm":false,"jetpack_publicize_feature_enabled":true},"categories":[18],"tags":[],"jetpack_publicize_connections":[],"jetpack_featured_media_url":"","jetpack_sharing_enabled":true,"jetpack_shortlink":"https:\/\/wp.me\/p9KDky-bs","jetpack_likes_enabled":true,"_links":{"self":[{"href":"https:\/\/tour.gradt.de\/index.php?rest_route=\/wp\/v2\/posts\/710"}],"collection":[{"href":"https:\/\/tour.gradt.de\/index.php?rest_route=\/wp\/v2\/posts"}],"about":[{"href":"https:\/\/tour.gradt.de\/index.php?rest_route=\/wp\/v2\/types\/post"}],"author":[{"embeddable":true,"href":"https:\/\/tour.gradt.de\/index.php?rest_route=\/wp\/v2\/users\/1"}],"replies":[{"embeddable":true,"href":"https:\/\/tour.gradt.de\/index.php?rest_route=%2Fwp%2Fv2%2Fcomments&post=710"}],"version-history":[{"count":3,"href":"https:\/\/tour.gradt.de\/index.php?rest_route=\/wp\/v2\/posts\/710\/revisions"}],"predecessor-version":[{"id":725,"href":"https:\/\/tour.gradt.de\/index.php?rest_route=\/wp\/v2\/posts\/710\/revisions\/725"}],"wp:attachment":[{"href":"https:\/\/tour.gradt.de\/index.php?rest_route=%2Fwp%2Fv2%2Fmedia&parent=710"}],"wp:term":[{"taxonomy":"category","embeddable":true,"href":"https:\/\/tour.gradt.de\/index.php?rest_route=%2Fwp%2Fv2%2Fcategories&post=710"},{"taxonomy":"post_tag","embeddable":true,"href":"https:\/\/tour.gradt.de\/index.php?rest_route=%2Fwp%2Fv2%2Ftags&post=710"}],"curies":[{"name":"wp","href":"https:\/\/api.w.org\/{rel}","templated":true}]}}