{"id":733,"date":"2018-04-19T23:55:48","date_gmt":"2018-04-19T21:55:48","guid":{"rendered":"http:\/\/tour.gradt.de?p=733"},"modified":"2018-04-26T00:07:39","modified_gmt":"2018-04-25T22:07:39","slug":"sommer-sonne-sonnenschein","status":"publish","type":"post","link":"https:\/\/tour.gradt.de\/?p=733","title":{"rendered":"Sommer, Sonne, Sonnenschein&#8230;"},"content":{"rendered":"<p>Heute waren wir wieder auf dem Campingplatz. Gleich nach dem Aufstehen mussten wir gegen der Kinder &#8222;tolle&#8220; Laune k\u00e4mpfen. Er hat keine Lust auf die Schule ab September. Die fast vierj\u00e4hrige Sandra: &#8222;Wenn Adrian nicht will, dann gehe ich in die Schule.&#8220; Aber anziehen geht gar nicht. Puh, da muss mal als Eltern ganz sch\u00f6n viel Geduld und Ruhe mit sich bringen&#8230; Naja&#8230; bis zum Mittag war dann alles wieder gut.<\/p>\n<p>Nach dem Mittagessen sind wir mit dem Shuttlebus zum Strand gefahren und haben den Nachmittag dort verbracht. Zum Schwimmen war es etwas frisch, aber im Sand am Wasser spielen war super lustig. Die Kinder hatten richtig Spa\u00df, wir konnten uns gut entspannen, lesen, in die Ferne schauen, mit den Kindern spielen.<\/p>\n<p>Gegen 19 Uhr waren wir wieder am Campingplatz. Duschen, Abendessen kochen, Kinder ins Bett bringen.<\/p>\n<p>Als alle im Bett waren, hat Anna noch W\u00e4sche gewaschen. Dieses Mal war es irgendwie sehr viel. So dass, Sie kreativ beim Aufh\u00e4ngen sein musste. Jetzt h\u00e4ngen die Klamotten \u00fcberall: auf dem W\u00e4schest\u00e4nder, auf den Gartenst\u00fchlen, hinten auf dem Fahrradtr\u00e4ger, auf gespannten Leinen zwischen den B\u00e4umen und sollen \u00fcber Nacht trocknen. Leider keine W\u00e4scheklammern, denn die liegen unter Sandra&#8217;s Bett. Anna: &#8222;Der Wind darf nicht wehen, hoffentlich h\u00e4ngt sie morgen fr\u00fch immer noch da und fliegt nicht \u00fcber den Campingplatz &#8220; \ud83d\ude42 \ud83d\ude42 \ud83d\ude42<\/p>\n<p><img loading=\"lazy\" src=\"https:\/\/i0.wp.com\/tour.gradt.de\/wp-content\/uploads\/2018\/04\/img_6185.jpg?resize=525%2C700\" class=\"wp-image-736 size-full\" height=\"700\" width=\"525\" srcset=\"https:\/\/i0.wp.com\/tour.gradt.de\/wp-content\/uploads\/2018\/04\/img_6185.jpg?w=2448&amp;ssl=1 2448w, https:\/\/i0.wp.com\/tour.gradt.de\/wp-content\/uploads\/2018\/04\/img_6185.jpg?resize=225%2C300&amp;ssl=1 225w, https:\/\/i0.wp.com\/tour.gradt.de\/wp-content\/uploads\/2018\/04\/img_6185.jpg?resize=768%2C1024&amp;ssl=1 768w, https:\/\/i0.wp.com\/tour.gradt.de\/wp-content\/uploads\/2018\/04\/img_6185.jpg?w=1050 1050w, https:\/\/i0.wp.com\/tour.gradt.de\/wp-content\/uploads\/2018\/04\/img_6185.jpg?w=1575 1575w\" sizes=\"(max-width: 767px) 89vw, (max-width: 1000px) 54vw, (max-width: 1071px) 543px, 580px\" data-recalc-dims=\"1\" \/><img loading=\"lazy\" src=\"https:\/\/i0.wp.com\/tour.gradt.de\/wp-content\/uploads\/2018\/04\/img_6184.jpg?resize=525%2C586\" class=\"wp-image-735 size-full\" height=\"586\" width=\"525\" srcset=\"https:\/\/i0.wp.com\/tour.gradt.de\/wp-content\/uploads\/2018\/04\/img_6184.jpg?w=2448&amp;ssl=1 2448w, https:\/\/i0.wp.com\/tour.gradt.de\/wp-content\/uploads\/2018\/04\/img_6184.jpg?resize=269%2C300&amp;ssl=1 269w, https:\/\/i0.wp.com\/tour.gradt.de\/wp-content\/uploads\/2018\/04\/img_6184.jpg?resize=768%2C858&amp;ssl=1 768w, https:\/\/i0.wp.com\/tour.gradt.de\/wp-content\/uploads\/2018\/04\/img_6184.jpg?resize=917%2C1024&amp;ssl=1 917w, https:\/\/i0.wp.com\/tour.gradt.de\/wp-content\/uploads\/2018\/04\/img_6184.jpg?w=1050 1050w, https:\/\/i0.wp.com\/tour.gradt.de\/wp-content\/uploads\/2018\/04\/img_6184.jpg?w=1575 1575w\" sizes=\"(max-width: 767px) 89vw, (max-width: 1000px) 54vw, (max-width: 1071px) 543px, 580px\" data-recalc-dims=\"1\" \/><img loading=\"lazy\" src=\"https:\/\/i0.wp.com\/tour.gradt.de\/wp-content\/uploads\/2018\/04\/img_6192.jpg?resize=525%2C700\" class=\"wp-image-737 size-full\" height=\"700\" width=\"525\" srcset=\"https:\/\/i0.wp.com\/tour.gradt.de\/wp-content\/uploads\/2018\/04\/img_6192.jpg?w=2448&amp;ssl=1 2448w, https:\/\/i0.wp.com\/tour.gradt.de\/wp-content\/uploads\/2018\/04\/img_6192.jpg?resize=225%2C300&amp;ssl=1 225w, https:\/\/i0.wp.com\/tour.gradt.de\/wp-content\/uploads\/2018\/04\/img_6192.jpg?resize=768%2C1024&amp;ssl=1 768w, https:\/\/i0.wp.com\/tour.gradt.de\/wp-content\/uploads\/2018\/04\/img_6192.jpg?w=1050 1050w, https:\/\/i0.wp.com\/tour.gradt.de\/wp-content\/uploads\/2018\/04\/img_6192.jpg?w=1575 1575w\" sizes=\"(max-width: 767px) 89vw, (max-width: 1000px) 54vw, (max-width: 1071px) 543px, 580px\" data-recalc-dims=\"1\" \/><img loading=\"lazy\" src=\"https:\/\/i0.wp.com\/tour.gradt.de\/wp-content\/uploads\/2018\/04\/img_6197.jpg?resize=525%2C700\" class=\"wp-image-741 size-full\" height=\"700\" width=\"525\" srcset=\"https:\/\/i0.wp.com\/tour.gradt.de\/wp-content\/uploads\/2018\/04\/img_6197.jpg?w=2448&amp;ssl=1 2448w, https:\/\/i0.wp.com\/tour.gradt.de\/wp-content\/uploads\/2018\/04\/img_6197.jpg?resize=225%2C300&amp;ssl=1 225w, https:\/\/i0.wp.com\/tour.gradt.de\/wp-content\/uploads\/2018\/04\/img_6197.jpg?resize=768%2C1024&amp;ssl=1 768w, https:\/\/i0.wp.com\/tour.gradt.de\/wp-content\/uploads\/2018\/04\/img_6197.jpg?w=1050 1050w, https:\/\/i0.wp.com\/tour.gradt.de\/wp-content\/uploads\/2018\/04\/img_6197.jpg?w=1575 1575w\" sizes=\"(max-width: 767px) 89vw, (max-width: 1000px) 54vw, (max-width: 1071px) 543px, 580px\" data-recalc-dims=\"1\" \/><img loading=\"lazy\" src=\"https:\/\/i0.wp.com\/tour.gradt.de\/wp-content\/uploads\/2018\/04\/img_6203.jpg?resize=525%2C700\" class=\"wp-image-740 size-full\" height=\"700\" width=\"525\" srcset=\"https:\/\/i0.wp.com\/tour.gradt.de\/wp-content\/uploads\/2018\/04\/img_6203.jpg?w=2448&amp;ssl=1 2448w, https:\/\/i0.wp.com\/tour.gradt.de\/wp-content\/uploads\/2018\/04\/img_6203.jpg?resize=225%2C300&amp;ssl=1 225w, https:\/\/i0.wp.com\/tour.gradt.de\/wp-content\/uploads\/2018\/04\/img_6203.jpg?resize=768%2C1024&amp;ssl=1 768w, https:\/\/i0.wp.com\/tour.gradt.de\/wp-content\/uploads\/2018\/04\/img_6203.jpg?w=1050 1050w, https:\/\/i0.wp.com\/tour.gradt.de\/wp-content\/uploads\/2018\/04\/img_6203.jpg?w=1575 1575w\" sizes=\"(max-width: 767px) 89vw, (max-width: 1000px) 54vw, (max-width: 1071px) 543px, 580px\" data-recalc-dims=\"1\" \/><img loading=\"lazy\" src=\"https:\/\/i0.wp.com\/tour.gradt.de\/wp-content\/uploads\/2018\/04\/img_6208.jpg?resize=525%2C700\" class=\"wp-image-738 size-full\" height=\"700\" width=\"525\" srcset=\"https:\/\/i0.wp.com\/tour.gradt.de\/wp-content\/uploads\/2018\/04\/img_6208.jpg?w=2448&amp;ssl=1 2448w, https:\/\/i0.wp.com\/tour.gradt.de\/wp-content\/uploads\/2018\/04\/img_6208.jpg?resize=225%2C300&amp;ssl=1 225w, https:\/\/i0.wp.com\/tour.gradt.de\/wp-content\/uploads\/2018\/04\/img_6208.jpg?resize=768%2C1024&amp;ssl=1 768w, https:\/\/i0.wp.com\/tour.gradt.de\/wp-content\/uploads\/2018\/04\/img_6208.jpg?w=1050 1050w, https:\/\/i0.wp.com\/tour.gradt.de\/wp-content\/uploads\/2018\/04\/img_6208.jpg?w=1575 1575w\" sizes=\"(max-width: 767px) 89vw, (max-width: 1000px) 54vw, (max-width: 1071px) 543px, 580px\" data-recalc-dims=\"1\" \/><img loading=\"lazy\" src=\"https:\/\/i0.wp.com\/tour.gradt.de\/wp-content\/uploads\/2018\/04\/img_6212.jpg?resize=525%2C700\" class=\"wp-image-739 size-full\" height=\"700\" width=\"525\" srcset=\"https:\/\/i0.wp.com\/tour.gradt.de\/wp-content\/uploads\/2018\/04\/img_6212.jpg?w=2448&amp;ssl=1 2448w, https:\/\/i0.wp.com\/tour.gradt.de\/wp-content\/uploads\/2018\/04\/img_6212.jpg?resize=225%2C300&amp;ssl=1 225w, https:\/\/i0.wp.com\/tour.gradt.de\/wp-content\/uploads\/2018\/04\/img_6212.jpg?resize=768%2C1024&amp;ssl=1 768w, https:\/\/i0.wp.com\/tour.gradt.de\/wp-content\/uploads\/2018\/04\/img_6212.jpg?w=1050 1050w, https:\/\/i0.wp.com\/tour.gradt.de\/wp-content\/uploads\/2018\/04\/img_6212.jpg?w=1575 1575w\" sizes=\"(max-width: 767px) 89vw, (max-width: 1000px) 54vw, (max-width: 1071px) 543px, 580px\" data-recalc-dims=\"1\" \/><\/p>\n","protected":false},"excerpt":{"rendered":"<p>Heute waren wir wieder auf dem Campingplatz. Gleich nach dem Aufstehen mussten wir gegen der Kinder &#8222;tolle&#8220; Laune k\u00e4mpfen. Er hat keine Lust auf die Schule ab September. Die fast vierj\u00e4hrige Sandra: &#8222;Wenn Adrian nicht will, dann gehe ich in die Schule.&#8220; Aber anziehen geht gar nicht. Puh, da muss mal als Eltern ganz sch\u00f6n &hellip; <\/p>\n<p class=\"link-more\"><a href=\"https:\/\/tour.gradt.de\/?p=733\" class=\"more-link\"><span class=\"screen-reader-text\">\u201eSommer, Sonne, Sonnenschein&#8230;\u201c<\/span> weiterlesen<\/a><\/p>\n","protected":false},"author":1,"featured_media":738,"comment_status":"open","ping_status":"closed","sticky":false,"template":"","format":"standard","meta":{"jetpack_post_was_ever_published":false,"jetpack_publicize_message":"","jetpack_is_tweetstorm":false,"jetpack_publicize_feature_enabled":true},"categories":[18],"tags":[],"jetpack_publicize_connections":[],"jetpack_featured_media_url":"https:\/\/i0.wp.com\/tour.gradt.de\/wp-content\/uploads\/2018\/04\/img_6208.jpg?fit=2448%2C3264&ssl=1","jetpack_sharing_enabled":true,"jetpack_shortlink":"https:\/\/wp.me\/p9KDky-bP","jetpack_likes_enabled":true,"_links":{"self":[{"href":"https:\/\/tour.gradt.de\/index.php?rest_route=\/wp\/v2\/posts\/733"}],"collection":[{"href":"https:\/\/tour.gradt.de\/index.php?rest_route=\/wp\/v2\/posts"}],"about":[{"href":"https:\/\/tour.gradt.de\/index.php?rest_route=\/wp\/v2\/types\/post"}],"author":[{"embeddable":true,"href":"https:\/\/tour.gradt.de\/index.php?rest_route=\/wp\/v2\/users\/1"}],"replies":[{"embeddable":true,"href":"https:\/\/tour.gradt.de\/index.php?rest_route=%2Fwp%2Fv2%2Fcomments&post=733"}],"version-history":[{"count":6,"href":"https:\/\/tour.gradt.de\/index.php?rest_route=\/wp\/v2\/posts\/733\/revisions"}],"predecessor-version":[{"id":809,"href":"https:\/\/tour.gradt.de\/index.php?rest_route=\/wp\/v2\/posts\/733\/revisions\/809"}],"wp:featuredmedia":[{"embeddable":true,"href":"https:\/\/tour.gradt.de\/index.php?rest_route=\/wp\/v2\/media\/738"}],"wp:attachment":[{"href":"https:\/\/tour.gradt.de\/index.php?rest_route=%2Fwp%2Fv2%2Fmedia&parent=733"}],"wp:term":[{"taxonomy":"category","embeddable":true,"href":"https:\/\/tour.gradt.de\/index.php?rest_route=%2Fwp%2Fv2%2Fcategories&post=733"},{"taxonomy":"post_tag","embeddable":true,"href":"https:\/\/tour.gradt.de\/index.php?rest_route=%2Fwp%2Fv2%2Ftags&post=733"}],"curies":[{"name":"wp","href":"https:\/\/api.w.org\/{rel}","templated":true}]}}