{"id":79,"date":"2018-03-04T21:10:10","date_gmt":"2018-03-04T20:10:10","guid":{"rendered":"http:\/\/tour.gradt.de\/?p=79"},"modified":"2018-04-19T11:40:19","modified_gmt":"2018-04-19T09:40:19","slug":"geburtstag-im-wohnmobil","status":"publish","type":"post","link":"https:\/\/tour.gradt.de\/?p=79","title":{"rendered":"Geburtstag im Wohnmobil"},"content":{"rendered":"<p>Heute mal etwas mehr, denn:<\/p>\n<p>So etwas wie heute hat sich Anna bestimmt nicht tr\u00e4umen lassen. Zu Beginn einer halbj\u00e4hrigen Tour in einem Wohnmobil Ihren Geburtstag zu feiern &#8211; doch heute ist das Realit\u00e4t geworden!<\/p>\n<p>Aber wie ist so ein Geburtstag auf engstem Raum, in einer Umgebung wo jeder anpacken muss? Die Familie macht das Fr\u00fchst\u00fcck, es duftet nach frischem Kaffee und man muss sich um nichts k\u00fcmmern &#8211; so w\u00fcnscht man sich das! Aber auf 8qm ist das Ganze eher unromantisch, vor allem, wenn es wie bei uns heute regnet:<\/p>\n<ul>\n<li>Einer muss raus, die ganze Au\u00dfenbereiche bearbeiten\u2026 Strom ab, Toilettenkassette leeren und aufbereiten, Abwasser ablassen und Frischwassertank auff\u00fcllen.<\/li>\n<li>Der &#8211; in unserem Fall Die &#8211; Andere bleibt im WoMo, macht sich und den Mitreisenden sein Fr\u00fchst\u00fcck selbst und h\u00e4lt parallel die 3 Kinder in Schach.<\/li>\n<\/ul>\n<p>Dann war die Vereinbarung etwas &#8222;Strecke&#8220; zu machen. Also 2-3 Stunden fahren, Pause, und nochmals 2-3 Stunden fahren. Jedoch vers\u00f6hnten die Landschaft und die imposanten Bauwerke das Gem\u00fct.<\/p>\n<p>Am Abend hat Anna dann eine Zeit mit den Kindern auf dem Spielplatz verbracht und Christian hat das Abendessen gekocht. Dazu haben wir unserer Mama dann noch Geschenke \u00fcberreicht. Den Abend lassen wir gerade mit einer Flasche Lieblingswein von der Petersstirn ausklingen.<\/p>\n<p><img src=\"https:\/\/i0.wp.com\/tour.gradt.de\/wp-content\/uploads\/2018\/03\/img_5106.jpg?w=525\" class=\"size-full\" data-recalc-dims=\"1\"><img src=\"https:\/\/i0.wp.com\/tour.gradt.de\/wp-content\/uploads\/2018\/03\/img_3987.jpg?w=525\" class=\"size-full\" data-recalc-dims=\"1\"><img src=\"https:\/\/i0.wp.com\/tour.gradt.de\/wp-content\/uploads\/2018\/03\/img_3996.jpg?w=525\" class=\"size-full\" data-recalc-dims=\"1\"><img src=\"https:\/\/i0.wp.com\/tour.gradt.de\/wp-content\/uploads\/2018\/03\/img_3983.jpg?w=525\" class=\"size-full\" data-recalc-dims=\"1\"><\/p>\n","protected":false},"excerpt":{"rendered":"<p>Heute mal etwas mehr, denn: So etwas wie heute hat sich Anna bestimmt nicht tr\u00e4umen lassen. Zu Beginn einer halbj\u00e4hrigen Tour in einem Wohnmobil Ihren Geburtstag zu feiern &#8211; doch heute ist das Realit\u00e4t geworden! Aber wie ist so ein Geburtstag auf engstem Raum, in einer Umgebung wo jeder anpacken muss? Die Familie macht das &hellip; <\/p>\n<p class=\"link-more\"><a href=\"https:\/\/tour.gradt.de\/?p=79\" class=\"more-link\"><span class=\"screen-reader-text\">\u201eGeburtstag im Wohnmobil\u201c<\/span> weiterlesen<\/a><\/p>\n","protected":false},"author":2,"featured_media":0,"comment_status":"open","ping_status":"open","sticky":false,"template":"","format":"standard","meta":{"jetpack_post_was_ever_published":false,"jetpack_publicize_message":"","jetpack_is_tweetstorm":false,"jetpack_publicize_feature_enabled":true},"categories":[5],"tags":[],"jetpack_publicize_connections":[],"jetpack_featured_media_url":"","jetpack_sharing_enabled":true,"jetpack_shortlink":"https:\/\/wp.me\/p9KDky-1h","jetpack_likes_enabled":true,"_links":{"self":[{"href":"https:\/\/tour.gradt.de\/index.php?rest_route=\/wp\/v2\/posts\/79"}],"collection":[{"href":"https:\/\/tour.gradt.de\/index.php?rest_route=\/wp\/v2\/posts"}],"about":[{"href":"https:\/\/tour.gradt.de\/index.php?rest_route=\/wp\/v2\/types\/post"}],"author":[{"embeddable":true,"href":"https:\/\/tour.gradt.de\/index.php?rest_route=\/wp\/v2\/users\/2"}],"replies":[{"embeddable":true,"href":"https:\/\/tour.gradt.de\/index.php?rest_route=%2Fwp%2Fv2%2Fcomments&post=79"}],"version-history":[{"count":2,"href":"https:\/\/tour.gradt.de\/index.php?rest_route=\/wp\/v2\/posts\/79\/revisions"}],"predecessor-version":[{"id":81,"href":"https:\/\/tour.gradt.de\/index.php?rest_route=\/wp\/v2\/posts\/79\/revisions\/81"}],"wp:attachment":[{"href":"https:\/\/tour.gradt.de\/index.php?rest_route=%2Fwp%2Fv2%2Fmedia&parent=79"}],"wp:term":[{"taxonomy":"category","embeddable":true,"href":"https:\/\/tour.gradt.de\/index.php?rest_route=%2Fwp%2Fv2%2Fcategories&post=79"},{"taxonomy":"post_tag","embeddable":true,"href":"https:\/\/tour.gradt.de\/index.php?rest_route=%2Fwp%2Fv2%2Ftags&post=79"}],"curies":[{"name":"wp","href":"https:\/\/api.w.org\/{rel}","templated":true}]}}