{"id":82,"date":"2018-03-05T19:52:08","date_gmt":"2018-03-05T19:52:08","guid":{"rendered":"http:\/\/tour.gradt.de\/?p=82"},"modified":"2018-03-30T21:14:17","modified_gmt":"2018-03-30T21:14:17","slug":"frieren-die-gradts-heute-nacht","status":"publish","type":"post","link":"https:\/\/tour.gradt.de\/?p=82","title":{"rendered":"Frieren die Gradts heute Nacht?"},"content":{"rendered":"<p>Puh was f\u00fcr ein Tag \ud83d\ude42 Der heutige Tag war mit H\u00f6hen und Tiefen. Nach dem Fr\u00fchst\u00fcck waren wir auf einem sch\u00f6nen Spielplatz neben unserem Stellplatz wo wir \u00fcbernachtet haben. Die Kinder waren ausgepowert und bereit f\u00fcr die Fahrt. Weiter ging&#8217;s zum Meer nach Saint-Palais-sur-Mer. Dort haben wir den ganzen Nachmittag an einem wundersch\u00f6nen Strand verbracht. Dabei waren in einem gem\u00fctlichen, franz\u00f6sischen Restaurant an der Promenade Pizza und Fisch essen. Die Stimmung war toll bis wir wieder im Wohnmobil waren. Dann ging&#8217;s los. Das Gas war leer!!!<\/p>\n<p>Problematisch ist es nicht an neue Flaschen zu kommen, aber diese dann an unseren Gasregler anzuschlie\u00dfen hat sich bisher als un\u00fcberwindbare Herausforderung erwiesen. Wir haben Adapter dabei um unsere eigenen &#8222;deutschen&#8220; Flaschen zu f\u00fcllen, aber keinen um &#8222;franz\u00f6sische&#8220; Flaschen zu nutzen. F\u00fcllen darf (macht) aber keiner&#8230; Hoffentlich kann uns der in Frankreich lebende Brite helfen, der heute Nacht neben an steht. Unsere Hotline in Deutschland hatte bisher auch noch keine L\u00f6sung. In Spanien und Portugal erwartet uns ein \u00e4hnliches Thema. Es bleibt spannend. Wir hoffen, dass wir heute Nacht nicht erfrieren! \ud83d\ude09<\/p>\n<p><img loading=\"lazy\" src=\"https:\/\/i0.wp.com\/tour.gradt.de\/wp-content\/uploads\/2018\/03\/img_4017-10.jpg?resize=525%2C700\" class=\"wp-image-87 size-full\" height=\"700\" width=\"525\" srcset=\"https:\/\/i0.wp.com\/tour.gradt.de\/wp-content\/uploads\/2018\/03\/img_4017-10.jpg?w=2448&amp;ssl=1 2448w, https:\/\/i0.wp.com\/tour.gradt.de\/wp-content\/uploads\/2018\/03\/img_4017-10.jpg?resize=225%2C300&amp;ssl=1 225w, https:\/\/i0.wp.com\/tour.gradt.de\/wp-content\/uploads\/2018\/03\/img_4017-10.jpg?resize=768%2C1024&amp;ssl=1 768w, https:\/\/i0.wp.com\/tour.gradt.de\/wp-content\/uploads\/2018\/03\/img_4017-10.jpg?w=1050 1050w, https:\/\/i0.wp.com\/tour.gradt.de\/wp-content\/uploads\/2018\/03\/img_4017-10.jpg?w=1575 1575w\" sizes=\"(max-width: 767px) 89vw, (max-width: 1000px) 54vw, (max-width: 1071px) 543px, 580px\" data-recalc-dims=\"1\" \/><\/p>\n<p><img loading=\"lazy\" src=\"https:\/\/i0.wp.com\/tour.gradt.de\/wp-content\/uploads\/2018\/03\/img_4028-5.jpg?resize=525%2C700\" class=\"wp-image-89 size-full\" height=\"700\" width=\"525\" srcset=\"https:\/\/i0.wp.com\/tour.gradt.de\/wp-content\/uploads\/2018\/03\/img_4028-5.jpg?w=2448&amp;ssl=1 2448w, https:\/\/i0.wp.com\/tour.gradt.de\/wp-content\/uploads\/2018\/03\/img_4028-5.jpg?resize=225%2C300&amp;ssl=1 225w, https:\/\/i0.wp.com\/tour.gradt.de\/wp-content\/uploads\/2018\/03\/img_4028-5.jpg?resize=768%2C1024&amp;ssl=1 768w, https:\/\/i0.wp.com\/tour.gradt.de\/wp-content\/uploads\/2018\/03\/img_4028-5.jpg?w=1050 1050w, https:\/\/i0.wp.com\/tour.gradt.de\/wp-content\/uploads\/2018\/03\/img_4028-5.jpg?w=1575 1575w\" sizes=\"(max-width: 767px) 89vw, (max-width: 1000px) 54vw, (max-width: 1071px) 543px, 580px\" data-recalc-dims=\"1\" \/><img loading=\"lazy\" src=\"https:\/\/i0.wp.com\/tour.gradt.de\/wp-content\/uploads\/2018\/03\/img_4031.jpg?resize=525%2C700\" class=\"wp-image-90 size-full\" height=\"700\" width=\"525\" srcset=\"https:\/\/i0.wp.com\/tour.gradt.de\/wp-content\/uploads\/2018\/03\/img_4031.jpg?w=2448&amp;ssl=1 2448w, https:\/\/i0.wp.com\/tour.gradt.de\/wp-content\/uploads\/2018\/03\/img_4031.jpg?resize=225%2C300&amp;ssl=1 225w, https:\/\/i0.wp.com\/tour.gradt.de\/wp-content\/uploads\/2018\/03\/img_4031.jpg?resize=768%2C1024&amp;ssl=1 768w, https:\/\/i0.wp.com\/tour.gradt.de\/wp-content\/uploads\/2018\/03\/img_4031.jpg?w=1050 1050w, https:\/\/i0.wp.com\/tour.gradt.de\/wp-content\/uploads\/2018\/03\/img_4031.jpg?w=1575 1575w\" sizes=\"(max-width: 767px) 89vw, (max-width: 1000px) 54vw, (max-width: 1071px) 543px, 580px\" data-recalc-dims=\"1\" \/><\/p>\n","protected":false},"excerpt":{"rendered":"<p>Puh was f\u00fcr ein Tag \ud83d\ude42 Der heutige Tag war mit H\u00f6hen und Tiefen. Nach dem Fr\u00fchst\u00fcck waren wir auf einem sch\u00f6nen Spielplatz neben unserem Stellplatz wo wir \u00fcbernachtet haben. Die Kinder waren ausgepowert und bereit f\u00fcr die Fahrt. Weiter ging&#8217;s zum Meer nach Saint-Palais-sur-Mer. Dort haben wir den ganzen Nachmittag an einem wundersch\u00f6nen Strand &hellip; <\/p>\n<p class=\"link-more\"><a href=\"https:\/\/tour.gradt.de\/?p=82\" class=\"more-link\"><span class=\"screen-reader-text\">\u201eFrieren die Gradts heute Nacht?\u201c<\/span> weiterlesen<\/a><\/p>\n","protected":false},"author":2,"featured_media":0,"comment_status":"open","ping_status":"open","sticky":false,"template":"","format":"standard","meta":{"jetpack_post_was_ever_published":false,"jetpack_publicize_message":"","jetpack_is_tweetstorm":false,"jetpack_publicize_feature_enabled":true},"categories":[5],"tags":[],"jetpack_publicize_connections":[],"jetpack_featured_media_url":"","jetpack_sharing_enabled":true,"jetpack_shortlink":"https:\/\/wp.me\/p9KDky-1k","jetpack_likes_enabled":true,"_links":{"self":[{"href":"https:\/\/tour.gradt.de\/index.php?rest_route=\/wp\/v2\/posts\/82"}],"collection":[{"href":"https:\/\/tour.gradt.de\/index.php?rest_route=\/wp\/v2\/posts"}],"about":[{"href":"https:\/\/tour.gradt.de\/index.php?rest_route=\/wp\/v2\/types\/post"}],"author":[{"embeddable":true,"href":"https:\/\/tour.gradt.de\/index.php?rest_route=\/wp\/v2\/users\/2"}],"replies":[{"embeddable":true,"href":"https:\/\/tour.gradt.de\/index.php?rest_route=%2Fwp%2Fv2%2Fcomments&post=82"}],"version-history":[{"count":4,"href":"https:\/\/tour.gradt.de\/index.php?rest_route=\/wp\/v2\/posts\/82\/revisions"}],"predecessor-version":[{"id":91,"href":"https:\/\/tour.gradt.de\/index.php?rest_route=\/wp\/v2\/posts\/82\/revisions\/91"}],"wp:attachment":[{"href":"https:\/\/tour.gradt.de\/index.php?rest_route=%2Fwp%2Fv2%2Fmedia&parent=82"}],"wp:term":[{"taxonomy":"category","embeddable":true,"href":"https:\/\/tour.gradt.de\/index.php?rest_route=%2Fwp%2Fv2%2Fcategories&post=82"},{"taxonomy":"post_tag","embeddable":true,"href":"https:\/\/tour.gradt.de\/index.php?rest_route=%2Fwp%2Fv2%2Ftags&post=82"}],"curies":[{"name":"wp","href":"https:\/\/api.w.org\/{rel}","templated":true}]}}