{"id":96,"date":"2018-03-06T19:51:05","date_gmt":"2018-03-06T19:51:05","guid":{"rendered":"http:\/\/tour.gradt.de\/?p=96"},"modified":"2018-03-30T21:11:25","modified_gmt":"2018-03-30T21:11:25","slug":"aufgetaut","status":"publish","type":"post","link":"https:\/\/tour.gradt.de\/?p=96","title":{"rendered":"Aufgetaut ;)"},"content":{"rendered":"<p>Wir hatten im Auto heute in der Nacht +10 Grad. Trotz k\u00fchler Temperatur haben alle gut geschlafen. Keinen Kaffee zum Fr\u00fchst\u00fcck, auch kein richtiges Fr\u00fchst\u00fcck. Wir wollten zeitig los um endlich Gas zu kriegen. Die Kinder haben gemerkt, dass es in unserem H\u00e4uschen nicht mehr so gem\u00fctlich war wie sonst und waren den ganzen Tag ein wenig gereizt. Nach einer Weile hatten wir den Schlauch f\u00fcr die Gasflasche und Christian hat ihn auch gleich angeschlossen. Danach wurde sofort eine franz\u00f6sische Gasflasche gemietet! Bei allen gro\u00dfe Freude! \ud83d\ude42 Die Kinder wissen jetzt f\u00fcr was das Gas gut ist, aber dass es auch gef\u00e4hrlich sein kann. Anna hat gleich was Leckeres gekocht.<\/p>\n<p>Am Nachmittag waren wir in Saint Emilion, eine ber\u00fchmte Gegend f\u00fcr den Rotwein. \u00dcberall Weinberge und auch Wein verschiedenster Sorten. Wir haben die unterschiedlichen Weinger\u00fcche gerochen. Weintasting machen wir dann zu Hause zu einem guten Anlass mit einem guten Tropfen von Grand Cru de Ch\u00e2teau Laroque, dass wir auch von Au\u00dfen gesehen haben.<\/p>\n<p>Heute \u00fcbernachten wir auf einem Stellplatz in Cadillac &#8211; haben aber noch keinen gesehen.<\/p>\n<p><img src=\"https:\/\/i0.wp.com\/tour.gradt.de\/wp-content\/uploads\/2018\/03\/img_4048.jpg?w=525\" class=\"size-full\" data-recalc-dims=\"1\"><img src=\"https:\/\/i0.wp.com\/tour.gradt.de\/wp-content\/uploads\/2018\/03\/img_4038.jpg?w=525\" class=\"size-full\" data-recalc-dims=\"1\"><img src=\"https:\/\/i0.wp.com\/tour.gradt.de\/wp-content\/uploads\/2018\/03\/img_4058.jpg?w=525\" class=\"size-full\" data-recalc-dims=\"1\"><img src=\"https:\/\/i0.wp.com\/tour.gradt.de\/wp-content\/uploads\/2018\/03\/img_4070.jpg?w=525\" class=\"size-full\" data-recalc-dims=\"1\"><\/p>\n<p><img loading=\"lazy\" src=\"https:\/\/i0.wp.com\/tour.gradt.de\/wp-content\/uploads\/2018\/03\/img_4064-2.jpg?resize=525%2C700\" class=\"wp-image-100 size-full\" height=\"700\" width=\"525\" srcset=\"https:\/\/i0.wp.com\/tour.gradt.de\/wp-content\/uploads\/2018\/03\/img_4064-2.jpg?w=2448&amp;ssl=1 2448w, https:\/\/i0.wp.com\/tour.gradt.de\/wp-content\/uploads\/2018\/03\/img_4064-2.jpg?resize=225%2C300&amp;ssl=1 225w, https:\/\/i0.wp.com\/tour.gradt.de\/wp-content\/uploads\/2018\/03\/img_4064-2.jpg?resize=768%2C1024&amp;ssl=1 768w, https:\/\/i0.wp.com\/tour.gradt.de\/wp-content\/uploads\/2018\/03\/img_4064-2.jpg?w=1050 1050w, https:\/\/i0.wp.com\/tour.gradt.de\/wp-content\/uploads\/2018\/03\/img_4064-2.jpg?w=1575 1575w\" sizes=\"(max-width: 767px) 89vw, (max-width: 1000px) 54vw, (max-width: 1071px) 543px, 580px\" data-recalc-dims=\"1\" \/><img loading=\"lazy\" src=\"https:\/\/i0.wp.com\/tour.gradt.de\/wp-content\/uploads\/2018\/03\/img_4076-2.jpg?resize=525%2C525\" class=\"wp-image-102 size-full\" height=\"525\" width=\"525\" srcset=\"https:\/\/i0.wp.com\/tour.gradt.de\/wp-content\/uploads\/2018\/03\/img_4076-2.jpg?w=2448&amp;ssl=1 2448w, https:\/\/i0.wp.com\/tour.gradt.de\/wp-content\/uploads\/2018\/03\/img_4076-2.jpg?resize=150%2C150&amp;ssl=1 150w, https:\/\/i0.wp.com\/tour.gradt.de\/wp-content\/uploads\/2018\/03\/img_4076-2.jpg?resize=300%2C300&amp;ssl=1 300w, https:\/\/i0.wp.com\/tour.gradt.de\/wp-content\/uploads\/2018\/03\/img_4076-2.jpg?resize=768%2C768&amp;ssl=1 768w, https:\/\/i0.wp.com\/tour.gradt.de\/wp-content\/uploads\/2018\/03\/img_4076-2.jpg?resize=1024%2C1024&amp;ssl=1 1024w, https:\/\/i0.wp.com\/tour.gradt.de\/wp-content\/uploads\/2018\/03\/img_4076-2.jpg?resize=100%2C100&amp;ssl=1 100w, https:\/\/i0.wp.com\/tour.gradt.de\/wp-content\/uploads\/2018\/03\/img_4076-2.jpg?w=1575 1575w\" sizes=\"(max-width: 767px) 89vw, (max-width: 1000px) 54vw, (max-width: 1071px) 543px, 580px\" data-recalc-dims=\"1\" \/><\/p>\n","protected":false},"excerpt":{"rendered":"<p>Wir hatten im Auto heute in der Nacht +10 Grad. Trotz k\u00fchler Temperatur haben alle gut geschlafen. Keinen Kaffee zum Fr\u00fchst\u00fcck, auch kein richtiges Fr\u00fchst\u00fcck. Wir wollten zeitig los um endlich Gas zu kriegen. Die Kinder haben gemerkt, dass es in unserem H\u00e4uschen nicht mehr so gem\u00fctlich war wie sonst und waren den ganzen Tag &hellip; <\/p>\n<p class=\"link-more\"><a href=\"https:\/\/tour.gradt.de\/?p=96\" class=\"more-link\"><span class=\"screen-reader-text\">\u201eAufgetaut ;)\u201c<\/span> weiterlesen<\/a><\/p>\n","protected":false},"author":2,"featured_media":0,"comment_status":"open","ping_status":"open","sticky":false,"template":"","format":"standard","meta":{"jetpack_post_was_ever_published":false,"jetpack_publicize_message":"","jetpack_is_tweetstorm":false,"jetpack_publicize_feature_enabled":true},"categories":[5],"tags":[],"jetpack_publicize_connections":[],"jetpack_featured_media_url":"","jetpack_sharing_enabled":true,"jetpack_shortlink":"https:\/\/wp.me\/p9KDky-1y","jetpack_likes_enabled":true,"_links":{"self":[{"href":"https:\/\/tour.gradt.de\/index.php?rest_route=\/wp\/v2\/posts\/96"}],"collection":[{"href":"https:\/\/tour.gradt.de\/index.php?rest_route=\/wp\/v2\/posts"}],"about":[{"href":"https:\/\/tour.gradt.de\/index.php?rest_route=\/wp\/v2\/types\/post"}],"author":[{"embeddable":true,"href":"https:\/\/tour.gradt.de\/index.php?rest_route=\/wp\/v2\/users\/2"}],"replies":[{"embeddable":true,"href":"https:\/\/tour.gradt.de\/index.php?rest_route=%2Fwp%2Fv2%2Fcomments&post=96"}],"version-history":[{"count":5,"href":"https:\/\/tour.gradt.de\/index.php?rest_route=\/wp\/v2\/posts\/96\/revisions"}],"predecessor-version":[{"id":103,"href":"https:\/\/tour.gradt.de\/index.php?rest_route=\/wp\/v2\/posts\/96\/revisions\/103"}],"wp:attachment":[{"href":"https:\/\/tour.gradt.de\/index.php?rest_route=%2Fwp%2Fv2%2Fmedia&parent=96"}],"wp:term":[{"taxonomy":"category","embeddable":true,"href":"https:\/\/tour.gradt.de\/index.php?rest_route=%2Fwp%2Fv2%2Fcategories&post=96"},{"taxonomy":"post_tag","embeddable":true,"href":"https:\/\/tour.gradt.de\/index.php?rest_route=%2Fwp%2Fv2%2Ftags&post=96"}],"curies":[{"name":"wp","href":"https:\/\/api.w.org\/{rel}","templated":true}]}}